{"421059":{"titulo":"Paulist\u00e3o: S\u00e3o Caetano volta ao Anacleto Campanella com Futebol Sustent\u00e1vel","link":"https:\/\/www.futebolinterior.com.br\/paulistao-sao-caetano-volta-ao-anacleto-campanella-com-futebol-sustentavel\/","chapeu":"A\u00cd SIM!","data":"30\/01\/2018","imagem":"https:\/\/images.futebolinterior.com.br\/2021\/04\/0002050291647_img-300x166.jpg","resumo":"As trocas de garrafas pet por ingressos se iniciam nesta quarta-feira"},"421037":{"titulo":"Naldo e Jean Patrick entram com a\u00e7\u00e3o contra a Ponte Preta","link":"https:\/\/www.futebolinterior.com.br\/naldo-e-jean-patrick-entram-com-acao-contra-a-ponte-preta\/","chapeu":"QUE FASE","data":"30\/01\/2018","imagem":"https:\/\/images.futebolinterior.com.br\/2021\/04\/0002050291670_img-300x146.jpg","resumo":"Antes deles, o zagueiro F\u00e1bio Ferreira e os laterais Jo\u00e3o Lucas e Fernandinho acionaram a Macaca na Justi\u00e7a"},"421055":{"titulo":"Paulist\u00e3o: Artilheiro comemora primeira vit\u00f3ria do Red Bull","link":"https:\/\/www.futebolinterior.com.br\/paulistao-artilheiro-comemora-primeira-vitoria-do-red-bull\/","chapeu":"BOA FASE","data":"30\/01\/2018","imagem":"https:\/\/images.futebolinterior.com.br\/2021\/04\/0002050291650_img-300x300.png","resumo":"Deivid marcou pelo segundo jogo consecutivo e foi um dos destaques da vit\u00f3ria sobre o Linense"},"421091":{"titulo":"Rec\u00e9m-contratados, Nen\u00ea e Tr\u00e9llez fazem primeiro treinamento no S\u00e3o Paulo","link":"https:\/\/www.futebolinterior.com.br\/recem-contratados-nene-e-trellez-fazem-primeiro-treinamento-no-sao-paulo\/","chapeu":"COME\u00c7ARAM","data":"30\/01\/2018","imagem":"https:\/\/images.futebolinterior.com.br\/2021\/04\/0002050291645_img-300x188.jpg","resumo":"A dupla, por\u00e9m, ainda n\u00e3o deve estrear pelo Tricolor nesta quarta-feira, contra o Madureira, pela Copa do Brasil"},"421079":{"titulo":"De volta \u00e0 elei\u00e7\u00e3o do Corinthians, Paulo Garcia diz que justi\u00e7a foi feita","link":"https:\/\/www.futebolinterior.com.br\/de-volta-a-eleicao-do-corinthians-paulo-garcia-diz-que-justica-foi-feita\/","chapeu":"SATISFEITO","data":"30\/01\/2018","imagem":"https:\/\/images.futebolinterior.com.br\/2021\/04\/0002050291643_img-300x169.jpg","resumo":"Candidato tinha sido punido por uma suposta compra de votos, mas alega que pagou para que alguns associados se regularizassem"},"421088":{"titulo":"Paulist\u00e3o: Ant\u00f4nio Carlos revela surpresa com titularidade no Palmeiras","link":"https:\/\/www.futebolinterior.com.br\/paulistao-antonio-carlos-revela-surpresa-com-titularidade-no-palmeiras\/","chapeu":"COISA BOA!","data":"30\/01\/2018","imagem":"https:\/\/images.futebolinterior.com.br\/2021\/04\/0002050291637_img-300x191.jpg","resumo":"Aos 24 anos, zagueiro revela vontade de entrar para hist\u00f3ria do clube; Os direitos econ\u00f4micos do jogador pertecem ao Tombense-MG "},"421081":{"titulo":"Ronald\u00e3o explica situa\u00e7\u00e3o de Aranha: \"sal\u00e1rio alto para nossos padr\u00f5es\"","link":"https:\/\/www.futebolinterior.com.br\/ronaldao-explica-situacao-de-aranha-salario-alto-para-nossos-padroes\/","chapeu":"O MOTIVO","data":"30\/01\/2018","imagem":"https:\/\/images.futebolinterior.com.br\/2021\/04\/0002050291625_img-300x168.jpg","resumo":"O clube quer rescindir o contrato do \u00eddolo da torcida, que tem v\u00ednculo at\u00e9 dezembro de 2019"},"421118":{"titulo":"Galiotte garante que mudan\u00e7a no acordo com a Crefisa n\u00e3o ir\u00e1 atrapalhar o Palmeiras","link":"https:\/\/www.futebolinterior.com.br\/galiotte-garante-que-mudanca-no-acordo-com-a-crefisa-nao-ira-atrapalhar-o-palmeiras\/","chapeu":"AZEDOU?","data":"30\/01\/2018","imagem":"https:\/\/images.futebolinterior.com.br\/2021\/04\/0002050291605_img-300x200.jpg","resumo":"Presidente conta com valor de atletas como forma de pagamento aos investimentos do patrocinador do clube."},"421129":{"titulo":"Paulist\u00e3o: No retorno ao Santos, Gabigol deixa o seu em jogo-treino com \u00c1gua Santa","link":"https:\/\/www.futebolinterior.com.br\/paulistao-no-retorno-ao-santos-gabigol-deixa-o-seu-em-jogo-treino-com-agua-santa\/","chapeu":"ELE VOLTOU!","data":"30\/01\/2018","imagem":"https:\/\/images.futebolinterior.com.br\/2021\/04\/0002050291602_img-300x300.jpg","resumo":"Nome do atacante aparece no BID e atacante est\u00e1 liberado para estrear. Contudo, presen\u00e7a no cl\u00e1ssico de Domingo ainda \u00e9 uma inc\u00f3gnita"},"421142":{"titulo":"Lugano promete atua\u00e7\u00e3o firme no vesti\u00e1rio e pede que S\u00e3o Paulo recupere ess\u00eancia","link":"https:\/\/www.futebolinterior.com.br\/lugano-promete-atuacao-firme-no-vestiario-e-pede-que-sao-paulo-recupere-essencia\/","chapeu":"AQUI \u00c9 TRICOLOR","data":"30\/01\/2018","imagem":"https:\/\/images.futebolinterior.com.br\/2021\/04\/0002050291582_img-300x187.jpg","resumo":"Ex-zagueiro afirma querer implantar ideias que j\u00e1 trazia como jogado e diz que atletas precisam entender o que significa o clube "}}