{"421144":{"titulo":"Paulo Garcia consegue liminar na Justi\u00e7a e volta a ser candidato no Corinthians","link":"https:\/\/www.futebolinterior.com.br\/paulo-garcia-consegue-liminar-na-justica-e-volta-a-ser-candidato-no-corinthians\/","chapeu":"BOMBA NO TIM\u00c3O","data":"30\/01\/2018","imagem":"https:\/\/images.futebolinterior.com.br\/2021\/04\/0002050291580_img-300x169.jpg","resumo":"A ideia da Situa\u00e7\u00e3o, assim se comprova, era mesmo afastar Roque Citadini que amea\u00e7a a candidatura de Andr\u00e9s Sanchez."},"421149":{"titulo":"Paulist\u00e3o: Ponte Preta apresenta meia Daniel, ex-S\u00e3o Paulo e Botafogo","link":"https:\/\/www.futebolinterior.com.br\/paulistao-ponte-preta-apresenta-meia-daniel-ex-sao-paulo-e-botafogo\/","chapeu":"NOVIDADE!","data":"30\/01\/2018","imagem":"https:\/\/images.futebolinterior.com.br\/2021\/04\/0002050291577_img-300x169.jpg","resumo":"Daniel jogou a \u00faltima temporada pelo Coritiba e posou oficialmente com a camisa da Ponte Preta nesta ter\u00e7a"},"421153":{"titulo":"Com grandes jogos da Copa do Brasil e dos estaduais, R\u00e1dio FI divulga escala semanal","link":"https:\/\/www.futebolinterior.com.br\/com-grandes-jogos-da-copa-do-brasil-e-dos-estaduais-radio-fi-divulga-escala-semanal\/","chapeu":"CONFIRA!","data":"30\/01\/2018","imagem":"https:\/\/images.futebolinterior.com.br\/2021\/04\/0002050291578_img-300x225.jpg","resumo":"As partidas come\u00e7am a ser transmitidas j\u00e1 nessa ter\u00e7a-feira e ir\u00e3o at\u00e9 o pr\u00f3ximo final de semana"},"421179":{"titulo":"Paulist\u00e3o: Torcida promete protesto na primeira reuni\u00e3o da Ponte Preta","link":"https:\/\/www.futebolinterior.com.br\/paulistao-torcida-promete-protesto-na-primeira-reuniao-da-ponte-preta\/","chapeu":"COMPLICOU","data":"30\/01\/2018","imagem":"https:\/\/images.futebolinterior.com.br\/2021\/04\/0002050291559_img-300x225.jpg","resumo":"O in\u00edcio de temporada para a Ponte Preta \u00e9 de instabilidade, pelo menos nos bastidores"},"421202":{"titulo":"Com show de 'novato', Corinthians goleia time da S\u00e9rie A2 em jogo-treino","link":"https:\/\/www.futebolinterior.com.br\/com-show-de-novato-corinthians-goleia-time-da-serie-a2-em-jogo-treino\/","chapeu":"OPA!","data":"30\/01\/2018","imagem":"https:\/\/images.futebolinterior.com.br\/2021\/04\/0002050291544_img-300x200.jpg","resumo":"Matehus Vital foi um dos principais destaques do Tim\u00e3o; Lucca tamb\u00e9m se destacou"},"421210":{"titulo":"Paulist\u00e3o: Bruno Henrique desfalca Santos em cl\u00e1ssico e Victor Ferraz \u00e9 d\u00favida","link":"https:\/\/www.futebolinterior.com.br\/paulistao-bruno-henrique-desfalca-santos-em-classico-e-victor-ferraz-e-duvida\/","chapeu":"MUDAN\u00c7AS","data":"30\/01\/2018","imagem":"https:\/\/images.futebolinterior.com.br\/2021\/04\/0002050291543_img-300x200.jpg","resumo":"O atacante Bruno Henrique voltar\u00e1 a desfalcar o Santos no pr\u00f3ximo domingo, quando o time vai visitar o Palmeiras, no Allianz Parque, pela quinta rodada do Campeonato Paulista"},"421214":{"titulo":"Ra\u00ed cogita negociar dois jogadores e trazer mais um refor\u00e7o para o S\u00e3o Paulo","link":"https:\/\/www.futebolinterior.com.br\/rai-cogita-negociar-dois-jogadores-e-trazer-mais-um-reforco-para-o-sao-paulo\/","chapeu":"QUEM CHEGA?","data":"30\/01\/2018","imagem":"https:\/\/images.futebolinterior.com.br\/2021\/04\/0002050291542_img-300x193.jpg","resumo":"O meia Maicosuel e o lateral Junior Tavares podem deixar o Tricolor nos pr\u00f3ximos dias"},"421208":{"titulo":"Santos aceita negociar com volante contestado por Palmeiras e S\u00e3o Paulo","link":"https:\/\/www.futebolinterior.com.br\/santos-aceita-negociar-com-volante-contestado-por-palmeiras-e-sao-paulo\/","chapeu":"VAI ROLAR?","data":"30\/01\/2018","imagem":"https:\/\/images.futebolinterior.com.br\/2021\/04\/0002050291535_img-300x193.jpg","resumo":"Wesley se ofereceu para voltar ao Peixe e deve assinar um contrato de produtividade"},"421242":{"titulo":"Paulist\u00e3o: Negocia\u00e7\u00f5es n\u00e3o evoluem, janelas fecham e Rodriguinho seguir\u00e1 no Corinthians","link":"https:\/\/www.futebolinterior.com.br\/paulistao-negociacoes-nao-evoluem-janelas-fecham-e-rodriguinho-seguira-no-corinthians\/","chapeu":"ELE FICA","data":"30\/01\/2018","imagem":"https:\/\/images.futebolinterior.com.br\/2021\/04\/0002050291513_img-300x200.jpg","resumo":" O jogador estava na mira de clubes da Turquia, China e Emirados \u00c1rabes, mas n\u00e3o houve proposta formal"},"421260":{"titulo":"Presidente da Ponte Preta se re\u00fane com promotor do MP para rever puni\u00e7\u00e3o","link":"https:\/\/www.futebolinterior.com.br\/presidente-da-ponte-preta-se-reune-com-promotor-do-mp-para-rever-punicao\/","chapeu":"E AGORA?","data":"30\/01\/2018","imagem":"https:\/\/images.futebolinterior.com.br\/2021\/04\/0002050291504_img-170x300.jpg","resumo":"A Ponte Preta segue, pelo menos por enquanto, jogando apenas com torcida \u00fanica"}}