{"420918":{"titulo":"Treinador completa 51 jogos na elite paulista com o S\u00e3o Bento","link":"https:\/\/www.futebolinterior.com.br\/treinador-completa-51-jogos-na-elite-paulista-com-o-sao-bento\/","chapeu":"MAIS UM!","data":"31\/01\/2018","imagem":"https:\/\/images.futebolinterior.com.br\/2021\/04\/0002050291781_img-300x217.jpg","resumo":"Entre A1 e A2, em cinco anos, Paulo Roberto comandou o Bent\u00e3o em 69 jogos no Paulista "},"420922":{"titulo":"Projeto Express\u00e3o recoloca cinco jogadores no mercado de trabalho","link":"https:\/\/www.futebolinterior.com.br\/projeto-expressao-recoloca-cinco-jogadores-no-mercado-de-trabalho\/","chapeu":"SOLID\u00c1RIO! ","data":"31\/01\/2018","imagem":"https:\/\/images.futebolinterior.com.br\/2021\/04\/0002050291780_img-300x200.jpg","resumo":"Com novas oportunidades de seguir atuando, atletas demonstram felicidades com resultados da iniciativa "},"420928":{"titulo":"Paulist\u00e3o: Carille ensaia time e Kazim \u00e9 mantido entre os titulares do Corinthians","link":"https:\/\/www.futebolinterior.com.br\/paulistao-carille-ensaia-time-e-kazim-e-mantido-entre-os-titulares-do-corinthians\/","chapeu":"SEGUE L\u00c1!","data":"31\/01\/2018","imagem":"https:\/\/images.futebolinterior.com.br\/2021\/04\/0002050291779_img-300x200.jpg","resumo":"F\u00e1bio Carille comandou, nesta quarta-feira, um treino t\u00e1tico seguido por um coletivo no Corinthians e esbo\u00e7ou o time para encarar o Novorizontino, domingo, com Kazim entre os titul"},"420947":{"titulo":"Regularizado, Gabriel \u00e9 inscrito pelo Santos no Paulist\u00e3o","link":"https:\/\/www.futebolinterior.com.br\/regularizado-gabriel-e-inscrito-pelo-santos-no-paulistao\/","chapeu":"T\u00c1 L\u00c1!","data":"31\/01\/2018","imagem":"https:\/\/images.futebolinterior.com.br\/2021\/04\/0002050291765_img-300x200.jpg","resumo":"Atacante foi o 23\u00ba jogador inscrito pelo Santos no Paulist\u00e3o, sendo que a lista principal pode ter 26 nomes"},"420941":{"titulo":"Lugano quer evitar sa\u00eddas: 'Jogadores precisam voltar a ver S\u00e3o Paulo como ideal'","link":"https:\/\/www.futebolinterior.com.br\/lugano-quer-evitar-saidas-jogadores-precisam-voltar-a-ver-sao-paulo-como-ideal\/","chapeu":"PREOCUPADO","data":"31\/01\/2018","imagem":"https:\/\/images.futebolinterior.com.br\/2021\/04\/0002050291763_img-300x187.jpg","resumo":"O rec\u00e9m-apresentado superintendente de rela\u00e7\u00f5es institucionais do S\u00e3o Paulo, o \u00eddolo Lugano, revelou o que disse ser uma de suas principais preocupa\u00e7\u00f5es no clube "},"420945":{"titulo":"Paulist\u00e3o: Roger Machado participa de treino f\u00edsico com jogadores do Palmeiras","link":"https:\/\/www.futebolinterior.com.br\/paulistao-roger-machado-participa-de-treino-fisico-com-jogadores-do-palmeiras\/","chapeu":"EM CAMPO","data":"31\/01\/2018","imagem":"https:\/\/images.futebolinterior.com.br\/2021\/04\/0002050291760_img-300x169.jpg","resumo":"O Palmeiras fez um treino f\u00edsico na manh\u00e3 desta quarta-feira para intensificar a prepara\u00e7\u00e3o para o cl\u00e1ssico com o Santos, domingo, no Allianz Parque, pelo Campeonato Paulista"},"420959":{"titulo":"Sondado por clubes, Serr\u00e3o volta analisar propostas para a temporada","link":"https:\/\/www.futebolinterior.com.br\/sondado-por-clubes-serrao-volta-analisar-propostas-para-a-temporada\/","chapeu":"HORA DE VOLTAR!","data":"31\/01\/2018","imagem":"https:\/\/images.futebolinterior.com.br\/2021\/04\/0002050291750_img-300x295.jpg","resumo":"Serr\u00e3o conhece muito bem o futebol paulista, mas n\u00e3o fecha a porta para oportunidades de outros estados"},"420984":{"titulo":"Paulist\u00e3o: Candidato, Andr\u00e9s diz que 'falar que o Corinthians est\u00e1 quebrado \u00e9 balela'","link":"https:\/\/www.futebolinterior.com.br\/paulistao-candidato-andres-diz-que-falar-que-o-corinthians-esta-quebrado-e-balela\/","chapeu":"CONVERSA FIADA!","data":"31\/01\/2018","imagem":"https:\/\/images.futebolinterior.com.br\/2021\/04\/0002050291732_img-300x200.jpg","resumo":"Atual deputado federal pelo Partido dos Trabalhadores (PT) diz que concorrentes s\u00e3o capazes, mas relembra passado vitorioso no cargo "},"420986":{"titulo":"Paulist\u00e3o: Palmeiras perde a\u00e7\u00e3o judicial e paga R$ 189,9 mil para ex-meia do clube","link":"https:\/\/www.futebolinterior.com.br\/paulistao-palmeiras-perde-acao-judicial-e-paga-r-1899-mil-para-ex-meia-do-clube\/","chapeu":"SEM CHORO! ","data":"31\/01\/2018","imagem":"https:\/\/images.futebolinterior.com.br\/2021\/04\/0002050291731_img-300x192.jpg","resumo":"Aos 34 anos, Valdivia est\u00e1 desde o ano passado no Colo-Colo, do Chile, clube onde come\u00e7ou a carreira"},"421006":{"titulo":"Paulist\u00e3o: Sem oportunidade, Maicosuel deve deixar o S\u00e3o Paulo","link":"https:\/\/www.futebolinterior.com.br\/paulistao-sem-oportunidade-maicosuel-deve-deixar-o-sao-paulo\/","chapeu":"VAZA!","data":"31\/01\/2018","imagem":"https:\/\/images.futebolinterior.com.br\/2021\/04\/0002050291707_img-300x176.jpg","resumo":"Ex-meia de Botafogo e Atl\u00e9tico-MG es\u00e1 livre para negociar com outra equipe"}}