{"684891":{"titulo":"Pel\u00e9 faz tratamento com antibi\u00f3ticos e continua est\u00e1vel no Hospital","link":"https:\/\/www.futebolinterior.com.br\/pele-faz-tratamento-com-antibioticos-e-continua-estavel-no-hospital\/","chapeu":"TUDO CERTO","data":"26\/11\/2014","imagem":"https:\/\/images.futebolinterior.com.br\/2021\/04\/0002050045719_img-300x200.jpg","resumo":"Ap\u00f3s ter sido internado com infec\u00e7\u00e3o urin\u00e1ria na segunda-feira, Pel\u00e9 continua em estado est\u00e1vel, recebendo medica\u00e7\u00e3o endovenosa"},"684887":{"titulo":"Paulist\u00e3o: Atual campe\u00e3o, Ituano se apresenta sem nenhum refor\u00e7o","link":"https:\/\/www.futebolinterior.com.br\/paulistao-atual-campeao-ituano-se-apresenta-sem-nenhum-reforco\/","chapeu":"CAMPE\u00c3O DE VOLTA!","data":"26\/11\/2014","imagem":"https:\/\/images.futebolinterior.com.br\/2021\/04\/0002050045717_img-300x175.jpg","resumo":"O Ituano, atual campe\u00e3o do Paulist\u00e3o, est\u00e1 de volta aos trabalhos. O time de Itu se reapresentou nesta segunda-feira \u00e0 tarde sem nenhum refor\u00e7o at\u00e9 agora"},"684899":{"titulo":"Paulist\u00e3o: Penapolense marca reapresenta\u00e7\u00e3o para dia 1\u00b0 de dezembro","link":"https:\/\/www.futebolinterior.com.br\/paulistao-penapolense-marca-reapresentacao-para-dia-1-de-dezembro\/","chapeu":"DE VOLTA AO BATENTE!","data":"26\/11\/2014","imagem":"https:\/\/images.futebolinterior.com.br\/2021\/04\/0002050045706_img-300x200.jpg","resumo":" De olho na disputa do Campeonato Paulista, que come\u00e7a no dia 1\u00b0 de fevereiro, o Penapolense definiu a data para a reapresenta\u00e7\u00e3o do elenco e da comiss\u00e3o t\u00e9cnica:"},"684968":{"titulo":"Santos prepara reformula\u00e7\u00e3o e deve perder for\u00e7a no Campeonato Paulista","link":"https:\/\/www.futebolinterior.com.br\/santos-prepara-reformulacao-e-deve-perder-forca-no-campeonato-paulista\/","chapeu":"DO ZERO?","data":"25\/11\/2014","imagem":"https:\/\/images.futebolinterior.com.br\/2021\/04\/0002050045648_img-300x207.jpg","resumo":"Robinho pode ser a primeira grande perda. O Milan deve usar o direito de interromper o empr\u00e9stimo do atacante para coloc\u00e1-lo em novo clube, nos Estados Unidos ou no Catar."},"685040":{"titulo":"Guto Ferreira diz que renova\u00e7\u00e3o com a Ponte Preta est\u00e1 encaminhada","link":"https:\/\/www.futebolinterior.com.br\/guto-ferreira-diz-que-renovacao-com-a-ponte-preta-esta-encaminhada\/","chapeu":"S\u00d3 FALTA ASSINAR!","data":"25\/11\/2014","imagem":"https:\/\/images.futebolinterior.com.br\/2021\/04\/0002050045560_img-300x204.jpg","resumo":"Um dos principais respons\u00e1veis pela recupera\u00e7\u00e3o da Ponte Preta na S\u00e9rie B do Campeonato Brasileiro, e consequentemente o acesso \u00e0 elite, o t\u00e9cnico Guto Ferreira deve continuar."},"685045":{"titulo":"Parte dos atletas se reapresenta e Mogi inicia prepara\u00e7\u00e3o para o Paulist\u00e3o","link":"https:\/\/www.futebolinterior.com.br\/parte-dos-atletas-se-reapresenta-e-mogi-inicia-preparacao-para-o-paulistao\/","chapeu":"COME\u00c7OU","data":"25\/11\/2014","imagem":"https:\/\/images.futebolinterior.com.br\/2021\/04\/0002050045555_img-300x200.jpg","resumo":"A pr\u00e9-temporada do Sapo est\u00e1 programada para ocorrer definitivamente a partir do dia 2 de janeiro de 2015"},"685061":{"titulo":"Paulist\u00e3o: Goleiro Douglas deixa o Caxias e retorna ao Capivariano","link":"https:\/\/www.futebolinterior.com.br\/paulistao-goleiro-douglas-deixa-o-caxias-e-retorna-ao-capivariano\/","chapeu":"REFOR\u00c7O DO LE\u00c3O!","data":"25\/11\/2014","imagem":"https:\/\/images.futebolinterior.com.br\/2021\/04\/0002050045527_img-300x198.jpg","resumo":"O jogador estava emprestado ao time ga\u00facho e precisou retornar ao interior de S\u00e3o Paulo"},"685063":{"titulo":"S\u00e3o Bernardo emprestar\u00e1 15 atletas para atender limite de inscri\u00e7\u00f5es","link":"https:\/\/www.futebolinterior.com.br\/sao-bernardo-emprestara-15-atletas-para-atender-limite-de-inscricoes\/","chapeu":"TROCA","data":"25\/11\/2014","imagem":"https:\/\/images.futebolinterior.com.br\/2021\/04\/0002050045525_img-300x198.jpg","resumo":"A Federa\u00e7\u00e3o Paulista de Futebol limitou a inscri\u00e7\u00e3o em 28 atletas para o Paulist\u00e3o de 2015, sendo que tr\u00eas vagas s\u00e3o para goleiros"},"685085":{"titulo":"Corinthians pode anunciar Edilson, ex-Ponte Preta e Botafogo, para 2015","link":"https:\/\/www.futebolinterior.com.br\/corinthians-pode-anunciar-edilson-ex-ponte-preta-e-botafogo-para-2015\/","chapeu":"MERCADO!","data":"25\/11\/2014","imagem":"https:\/\/images.futebolinterior.com.br\/2021\/04\/0002050045508_img-300x225.jpg","resumo":"O lateral-direito Edilson, dispensado pelo Botafogo recentemente, pode ser anunciado como primeiro refor\u00e7o Corinthians para 2015."},"685091":{"titulo":"\u2018Coringa\u2019 do Osasco Audax, Francis v\u00ea elenco mais maduro para o Paulist\u00e3o","link":"https:\/\/www.futebolinterior.com.br\/coringa-do-osasco-audax-francis-ve-elenco-mais-maduro-para-o-paulistao\/","chapeu":"PREPARADOS","data":"25\/11\/2014","imagem":"https:\/\/images.futebolinterior.com.br\/2021\/04\/0002050045504_img.jpg","resumo":"Francis disse que a disputa da S\u00e9rie C, pelo Guaratinguet\u00e1, deu mais experi\u00eancia aos mais jovens do grupo"}}