{"685165":{"titulo":"Paulist\u00e3o: Linense contrata volante Jorginho, do ASA","link":"https:\/\/www.futebolinterior.com.br\/paulistao-linense-contrata-volante-jorginho-do-asa\/","chapeu":"REFOR\u00c7O QUE N\u00c3O ACABA... ","data":"24\/11\/2014","imagem":"https:\/\/images.futebolinterior.com.br\/2021\/04\/0002050045400_img-300x205.jpg","resumo":"Jogador de 24 anos e revelado pelo clube nordestino tem pr\u00e9-contrato assinado com o Elefante e deve se apresentar nos pr\u00f3ximos dias "},"685189":{"titulo":"Lembra dele? J\u00falio Santos, ex-Vasco, acerta com S\u00e3o Bento para o Paulist\u00e3o","link":"https:\/\/www.futebolinterior.com.br\/lembra-dele-julio-santos-ex-vasco-acerta-com-sao-bento-para-o-paulistao\/","chapeu":"MERCADO","data":"24\/11\/2014","imagem":"https:\/\/images.futebolinterior.com.br\/2021\/04\/0002050045363_img.jpg","resumo":"Ap\u00f3s se reapresentar no dia 7 de novembro, o treinador Paulo Roberto Santos come\u00e7ou a revelar os primeiros refor\u00e7os do S\u00e3o Bento para o Paulist\u00e3o 2015"},"685196":{"titulo":"Chapa 'Sempre Ponte Preta' \u00e9 eleita e, agora, resta saber quem Carnielli indicar\u00e1 para presid\u00eancia","link":"https:\/\/www.futebolinterior.com.br\/chapa-sempre-ponte-preta-e-eleita-e-agora-resta-saber-quem-carnielli-indicara-para-presidencia\/","chapeu":"QUEM SER\u00c1 O PRESIDENTE ? ","data":"24\/11\/2014","imagem":"https:\/\/images.futebolinterior.com.br\/2021\/04\/0002050045357_img.jpg","resumo":"O destemperado M\u00e1rcio Della Volpe, cartola-torcedor, ser\u00e1 de novo o presidente da Ponte Preta para os pr\u00f3ximos tr\u00eas anos (tri\u00eanio 2015 \u2013 2017) ? H\u00e1 outros nomes na lista"},"685220":{"titulo":"Corinthians promete contrato de 3 anos e deve fazer \"loucura\" por Guerrero","link":"https:\/\/www.futebolinterior.com.br\/corinthians-promete-contrato-de-3-anos-e-deve-fazer-loucura-por-guerrero\/","chapeu":"VAI SEGURAR?","data":"24\/11\/2014","imagem":"https:\/\/images.futebolinterior.com.br\/2021\/04\/0002050045327_img-300x225.jpg","resumo":"Presidente do Corinthians, M\u00e1rio Gobbi, afirmou nesta segunda-feira que sua miss\u00e3o \u00e9 renovar o contrato do atacante Paolo Guerrero, \u00eddolo da torcida e artilheiro do time."},"685240":{"titulo":"Seguro no Santos, Enderson Moreira repete pedido de contrata\u00e7\u00f5es para 2015","link":"https:\/\/www.futebolinterior.com.br\/seguro-no-santos-enderson-moreira-repete-pedido-de-contratacoes-para-2015\/","chapeu":"PRESS\u00c3O?","data":"24\/11\/2014","imagem":"https:\/\/images.futebolinterior.com.br\/2021\/04\/0002050045309_img-300x190.jpg","resumo":"O Santos precisa passar por uma reciclagem com a contrata\u00e7\u00e3o de refor\u00e7os pontuais e a dispensa de jogadores para ser competitivo e disputar t\u00edtulos em 2015."},"685250":{"titulo":"Produtos oficiais do XV ser\u00e3o vendidos em novo quiosque do Shopping Piracicaba","link":"https:\/\/www.futebolinterior.com.br\/produtos-oficiais-do-xv-serao-vendidos-em-novo-quiosque-do-shopping-piracicaba\/","chapeu":"COMPRAS PARA O NATAL","data":"24\/11\/2014","imagem":"https:\/\/images.futebolinterior.com.br\/2021\/04\/0002050045299_img-300x113.jpg","resumo":"A partir desta ter\u00e7a-feira, os torcedores e simpatizantes do XV de Piracicaba ter\u00e3o mais uma op\u00e7\u00e3o para adquirirem os produtos oficiais do Alvinegro Piracicabano"},"685256":{"titulo":"S\u00e3o Bento confirma Anderson e outros dez para o Paulist\u00e3o","link":"https:\/\/www.futebolinterior.com.br\/sao-bento-confirma-anderson-e-outros-dez-para-o-paulistao\/","chapeu":"A\u00cd SIM!","data":"24\/11\/2014","imagem":"https:\/\/images.futebolinterior.com.br\/2021\/04\/0002050045295_img-300x200.jpg","resumo":"Todos os jogadores j\u00e1 estavam contratados, mas a diretoria preferiu apresenta-los apenas no dia da reapresenta\u00e7\u00e3o"},"685291":{"titulo":"Linense contrata goleiro Jakcson Follmann, revelado pelo Gr\u00eamio","link":"https:\/\/www.futebolinterior.com.br\/linense-contrata-goleiro-jakcson-follmann-revelado-pelo-gremio\/","chapeu":"CHEGOU!","data":"24\/11\/2014","imagem":"https:\/\/images.futebolinterior.com.br\/2021\/04\/0002050045273_img-300x199.jpg","resumo":"At\u00e9 aqui o Linense vem trabalhando sem alarde"},"685318":{"titulo":"S\u00e3o Bento volta aos trabalhos visando o Paulist\u00e3o Chevrolet","link":"https:\/\/www.futebolinterior.com.br\/sao-bento-volta-aos-trabalhos-visando-o-paulistao-chevrolet\/","chapeu":"NO BATENTE","data":"24\/11\/2014","imagem":"https:\/\/images.futebolinterior.com.br\/2021\/04\/0002050045239_img-300x200.jpg","resumo":"O clima \u00e9 de certo mist\u00e9rio, pois a diretoria e o treinador n\u00e3o deram muitas pistas sobre os nomes dos atletas que iniciam a temporada"},"685610":{"titulo":"Destaque paraguaio, Coronel, do Nacional, \u00e9 oferecido ao S\u00e3o Paulo","link":"https:\/\/www.futebolinterior.com.br\/destaque-paraguaio-coronel-do-nacional-e-oferecido-ao-sao-paulo\/","chapeu":"VAI RESOLVER?","data":"22\/11\/2014","imagem":"https:\/\/images.futebolinterior.com.br\/2021\/04\/0002050044859_img-239x300.jpg","resumo":"Flamengo, Gr\u00eamio e Vasco tamb\u00e9m foram alvo de ass\u00e9dio do empres\u00e1rio do lateral"}}