{"684551":{"titulo":"Jonas Donizette, prefeito de Campinas, sanciona lei e d\u00e1 pontap\u00e9 inicial para Arena Ponte Preta","link":"https:\/\/www.futebolinterior.com.br\/jonas-donizette-prefeito-de-campinas-sanciona-lei-e-da-pontape-inicial-para-arena-ponte-preta\/","chapeu":"AGORA \u00c9 OFICIAL!","data":"27\/11\/2014","imagem":"https:\/\/images.futebolinterior.com.br\/2021\/04\/0002050046003_img-300x166.jpg","resumo":"O prefeito de Campinas, Jonas Donizette (PSB-SP), sancionou a lei pr\u00f3-Arena Ponte Preta, em cerim\u00f4nia realizada, na tarde desta quinta-feira."},"684605":{"titulo":"Elenco do S\u00e3o Bento ter\u00e1 media de 27 anos no Paulist\u00e3o 2015","link":"https:\/\/www.futebolinterior.com.br\/elenco-do-sao-bento-tera-media-de-27-anos-no-paulistao-2015\/","chapeu":"M\u00c9DIA DE IDADE!","data":"27\/11\/2014","imagem":"https:\/\/images.futebolinterior.com.br\/2021\/04\/0002050045970_img-300x212.jpg","resumo":"O S\u00e3o Bento ter\u00e1 um time com m\u00e9dia de 27 anos para o Paulist\u00e3o 2015. A informa\u00e7\u00e3o \u00e9 da comiss\u00e3o t\u00e9cnica do Bent\u00e3o, nesta quinta-feira"},"684647":{"titulo":"Clube Esportivo da TV MIX de Limeira recebe ex-camisa 10 da Sele\u00e7\u00e3o Brasileira","link":"https:\/\/www.futebolinterior.com.br\/clube-esportivo-da-tv-mix-de-limeira-recebe-ex-camisa-10-da-selecao-brasileira\/","chapeu":"ESPETACULAR!","data":"27\/11\/2014","imagem":"https:\/\/images.futebolinterior.com.br\/2021\/04\/0002050045940_img-300x168.jpg","resumo":"Clube Esportivo da TV MIX de Limeira recebe ex-camisa 10 da Sele\u00e7\u00e3o Brasileira "},"684681":{"titulo":"Mogi Mirim deve contratar goleiro Daniel da Ponte Preta para Paulist\u00e3o 2015","link":"https:\/\/www.futebolinterior.com.br\/mogi-mirim-deve-contratar-goleiro-daniel-da-ponte-preta-para-paulistao-2015\/","chapeu":"DESPEDIDA PR\u00d3XIMA!","data":"27\/11\/2014","imagem":"https:\/\/images.futebolinterior.com.br\/2021\/04\/0002050045912_img-300x170.jpg","resumo":"Com o contrato com a Ponte Preta para encerrar no pr\u00f3ximo dia 31 de dezembro, o goleiro Daniel dever\u00e1 retornar ao Mogi Mirim para o Paulist\u00e3o."},"684688":{"titulo":"Dado como certo para 2015, meia n\u00e3o deve jogar pelo Corinthians","link":"https:\/\/www.futebolinterior.com.br\/dado-como-certo-para-2015-meia-nao-deve-jogar-pelo-corinthians\/","chapeu":"EITA","data":"27\/11\/2014","imagem":"https:\/\/images.futebolinterior.com.br\/2021\/04\/0002050045910_img-300x226.jpg","resumo":"O desinteresse est\u00e1 relacionado ao futebol de \u00c1ngel, que chegou ao Parque S\u00e3o Jorge sob muita expectativa"},"684691":{"titulo":"Jonas Donizette, prefeito de Campinas, sanciona Lei para tirar Arena Ponte Preta do papel","link":"https:\/\/www.futebolinterior.com.br\/jonas-donizette-prefeito-de-campinas-sanciona-lei-para-tirar-arena-ponte-preta-do-papel\/","chapeu":"PERTO DO SONHO!","data":"27\/11\/2014","imagem":"https:\/\/images.futebolinterior.com.br\/2021\/04\/0002050045906_img-300x153.jpg","resumo":"A Ponte Preta dar\u00e1 mais um importante O prefeito de Campinas, Jonas Donizette, sancionar\u00e1 Lei da Arena."},"686084":{"titulo":"Jogadores nascidos em Araras ser\u00e3o homenageados em livro","link":"https:\/\/www.futebolinterior.com.br\/jogadores-nascidos-em-araras-serao-homenageados-em-livro\/","chapeu":"HIST\u00d3RIA ETERNIZADA!","data":"27\/11\/2014","imagem":"https:\/\/images.futebolinterior.com.br\/2021\/04\/0002050044354_img-239x300.jpg","resumo":"Jogadores nascidos em Araras ser\u00e3o homenageados em livro"},"684770":{"titulo":"Paulist\u00e3o: Neto admite que n\u00e3o deve continuar no Santos em 2015","link":"https:\/\/www.futebolinterior.com.br\/paulistao-neto-admite-que-nao-deve-continuar-no-santos-em-2015\/","chapeu":"DE SA\u00cdDA ","data":"26\/11\/2014","imagem":"https:\/\/images.futebolinterior.com.br\/2021\/04\/0002050045804_img-300x217.jpg","resumo":"Com contrato at\u00e9 o dia 31 de dezembro, ele revelou que ainda n\u00e3o foi procurado por nenhum dirigente santista para discutir uma eventual renova\u00e7\u00e3o"},"684786":{"titulo":"Paulist\u00e3o: Sem acordo com Capivariano, Wanderson Tigr\u00e3o n\u00e3o renova e fica sem clube","link":"https:\/\/www.futebolinterior.com.br\/paulistao-sem-acordo-com-capivariano-wanderson-tigrao-nao-renova-e-fica-sem-clube\/","chapeu":"PROCURANDO VAGA... ","data":"26\/11\/2014","imagem":"https:\/\/images.futebolinterior.com.br\/2021\/04\/0002050045788_img-211x300.jpg","resumo":"Clube e jogador vinham discutindo desde o come\u00e7o da semana quest\u00f5es contratuais, por\u00e9m n\u00e3o chegaram a um acordo, assim o goleiro se desligou do Le\u00e3o Sorocabana"},"684844":{"titulo":"Marcinho revela sondagens, mas d\u00e1 prefer\u00eancia ao Rio Claro no Paulist\u00e3o","link":"https:\/\/www.futebolinterior.com.br\/marcinho-revela-sondagens-mas-da-preferencia-ao-rio-claro-no-paulistao\/","chapeu":"CAMISA 10?","data":"26\/11\/2014","imagem":"https:\/\/images.futebolinterior.com.br\/2021\/04\/0002050045754_img-300x166.jpg","resumo":"Marcinho recebeu convite do diretor de futebol do Rio Claro, Alex Afonso, e prontamente colocou-se a disposi\u00e7\u00e3o para o Estadual"}}