{"1871244":{"titulo":"STJD reduz pena de 2 jogadores e mant\u00e9m banimento de Ygor Catatau por esquema de apostas","link":"https:\/\/www.futebolinterior.com.br\/stjd-reduz-pena-de-2-jogadores-e-mantem-banimento-de-ygor-catatau-por-esquema-de-apostas\/","chapeu":"FORA","data":"14\/07\/2023","imagem":"https:\/\/images.futebolinterior.com.br\/2023\/06\/YGOR-CATATAU-300x164.jpg","resumo":""},"1871246":{"titulo":"S\u00e9rie B: L\u00e9o Naldi e Elvis retornam na Ponte Preta, mas devem come\u00e7ar no banco","link":"https:\/\/www.futebolinterior.com.br\/serie-b-leo-naldi-e-elvis-retornam-na-ponte-preta-mas-devem-comecar-no-banco\/","chapeu":"REFOR\u00c7OS","data":"14\/07\/2023","imagem":"https:\/\/images.futebolinterior.com.br\/2023\/11\/elvis-e1699756352547-300x191.jpg","resumo":""},"1871217":{"titulo":"S\u00e9rie B: Louzer promete Guarani fazendo \u2018jogos da vida\u2019 e confirma retorno de R\u00e9gis","link":"https:\/\/www.futebolinterior.com.br\/serie-b-louzer-promete-guarani-fazendo-jogos-da-vida-e-confirma-retorno-de-regis\/","chapeu":"OPA!","data":"14\/07\/2023","imagem":"https:\/\/images.futebolinterior.com.br\/2023\/07\/GUARANI-1-300x200.webp","resumo":""},"1871171":{"titulo":"Clubes se dividem em tr\u00eas grupos e cria\u00e7\u00e3o de liga \u00fanica no Brasil empaca","link":"https:\/\/www.futebolinterior.com.br\/clubes-se-dividem-em-tres-grupos-e-criacao-de-liga-unica-no-brasil-empaca\/","chapeu":"VEJA!","data":"14\/07\/2023","imagem":"https:\/\/images.futebolinterior.com.br\/2023\/07\/liga-300x169.jpeg","resumo":""},"1871133":{"titulo":"Primeiro tempo do Guarani, segundo do Crici\u00fama; empate justo","link":"https:\/\/www.futebolinterior.com.br\/primeiro-tempo-do-guarani-segundo-do-criciuma-empate-justo\/","chapeu":"BLOG DO ARI","data":"13\/07\/2023","imagem":"https:\/\/images.futebolinterior.com.br\/2023\/07\/IMG_8563-scaled-e1689555162240-300x241.jpg","resumo":"Futebol \u00e9 feito de estrat\u00e9gia, e o Guarani levou para Crici\u00fama proposta de se atirar sobre o advers\u00e1rio no in\u00edcio da partida, e depois se defender"},"1871031":{"titulo":"PLACAR FI: Resultados de QUINTA-FEIRA tem Guarani na S\u00e9rie B e Choque-Rei","link":"https:\/\/www.futebolinterior.com.br\/placar-fi-quinta-13-07-23\/","chapeu":"PLACAR FI","data":"13\/07\/2023","imagem":"https:\/\/images.futebolinterior.com.br\/2023\/07\/sp-placar-300x145.jpg","resumo":"O PLACAR FI do Portal Futebol Interior nesta quinta-feira (13) tem como maior destaque o cl\u00e1ssico na Copa do Brasil"},"1871055":{"titulo":"Crici\u00fama 1 x 1 Guarani - Tigre empata e perde chance de dormir l\u00edder","link":"https:\/\/www.futebolinterior.com.br\/criciuma-1-x-1-guarani-tigre-empata-e-perde-chance-de-dormir-lider\/","chapeu":"IGUAIS","data":"13\/07\/2023","imagem":"https:\/\/images.futebolinterior.com.br\/2023\/07\/guarani-x-criciuma-300x196.jpg","resumo":"J\u00e1 o Guarani perdeu a chance de encostar no G4, ocupando a s\u00e9tima posi\u00e7\u00e3o, com 26 pontos."},"1871024":{"titulo":"Sampaio Corr\u00eaa x Ituano - Para se distanciar da zona de rebaixamento","link":"https:\/\/www.futebolinterior.com.br\/sampaio-correa-x-ituano-para-se-distanciar-da-zona-de-rebaixamento\/","chapeu":"VAI QUE VAI","data":"13\/07\/2023","imagem":"https:\/\/images.futebolinterior.com.br\/2023\/07\/sampaio-ituano-300x200.webp","resumo":""},"1871000":{"titulo":"S\u00e9rie B: Eduardo Baptista aproveita semana cheia no Novorizontino \"Em boa hora\"","link":"https:\/\/www.futebolinterior.com.br\/serie-b-eduardo-baptista-aproveita-semana-cheia-no-novorizontino-em-boa-hora\/","chapeu":"PREPARA\u00c7\u00c3O","data":"13\/07\/2023","imagem":"https:\/\/images.futebolinterior.com.br\/2023\/01\/eduardo-baptista-300x156.png","resumo":"O Tigre, quarto colocado, encara o Vit\u00f3ria, quinto, em duelo direto pelo G4"},"1871003":{"titulo":"S\u00c9RIE B: Sport tenta continuar na luta pela lideran\u00e7a; Atl\u00e9tico-GO quer encostar no G-4","link":"https:\/\/www.futebolinterior.com.br\/serie-b-sport-tenta-continuar-na-luta-pela-lideranca-atletico-go-quer-encostar-no-g-4\/","chapeu":"OPA!","data":"13\/07\/2023","imagem":"https:\/\/images.futebolinterior.com.br\/2023\/07\/SPORT-3-300x200.jpeg","resumo":""}}