{"1871655":{"titulo":"Ponte Preta x Tombense \u2013 Macaca quer emplacar a 4\u00aa vit\u00f3ria seguida!","link":"https:\/\/www.futebolinterior.com.br\/ponte-preta-x-tombense-macaca-quer-emplacar-a-4a-vitoria-seguida\/","chapeu":"COM MORAL","data":"14\/07\/2023","imagem":"https:\/\/images.futebolinterior.com.br\/2023\/07\/Ponte-Eliel-2023-300x192.jpg","resumo":"Macaca acumula tr\u00eas vit\u00f3rias consecutivas por 1 a 0 e quer se aproximar da parte de cima da tabela."},"1871636":{"titulo":"S\u00c9RIE B: Vila Nova defende a lideran\u00e7a contra o desesperado Londrina; Ponte busca 4\u00aa vit\u00f3ria seguida","link":"https:\/\/www.futebolinterior.com.br\/serie-b-vila-nova-defende-a-lideranca-contra-o-desesperado-londrina-ponte-busca-4a-vitoria-seguida\/","chapeu":"CRIAR GORDURA","data":"14\/07\/2023","imagem":"https:\/\/images.futebolinterior.com.br\/2023\/04\/claudinei-oliveira-vila-nova-300x200.jpeg","resumo":"O PLACAR FI acompanha todos os jogos da S\u00e9rie B"},"1871603":{"titulo":"Mirassol x Cear\u00e1 - Le\u00e3o tem pedreira pela frente, mas tenta voltar a vencer","link":"https:\/\/www.futebolinterior.com.br\/mirassol-x-ceara-leao-tem-pedreira-pela-frente-mas-tenta-voltar-a-vencer\/","chapeu":"JOG\u00c3O","data":"14\/07\/2023","imagem":"https:\/\/images.futebolinterior.com.br\/2023\/07\/Mirassol-Serie-B-1-300x200.jpg","resumo":"Atualmente, o Mirassol tem 26 pontos e come\u00e7ou a rodada na sexta coloca\u00e7\u00e3o. O Novorizontino, primeiro time dentro do G4 tem 30"},"1871386":{"titulo":"S\u00e9rie B: Novorizontino retoma 'Ingresso Solid\u00e1rio' no jogo contra o Londrina","link":"https:\/\/www.futebolinterior.com.br\/serie-b-novorizontino-ingresso\/","chapeu":"A\u00c7\u00c3O SOCIAL!","data":"14\/07\/2023","imagem":"https:\/\/images.futebolinterior.com.br\/2023\/06\/Novorizontino-Selecao-300x200.jpg","resumo":"Est\u00e1 de volta a campanha \u2018Ingresso Solid\u00e1rio\u2019 no Novorizontino para o S\u00e9rie B do Campeonato Brasileiro"},"1871364":{"titulo":"S\u00e9rie B: Ponte Preta anuncia nova patrocinadora na \u00e1rea da sa\u00fade","link":"https:\/\/www.futebolinterior.com.br\/ponte-preta-anuncia-novo-patrocinador\/","chapeu":"FINALMENTE ","data":"14\/07\/2023","imagem":"https:\/\/images.futebolinterior.com.br\/2023\/07\/WhatsApp-Image-2023-07-14-at-15.11.23-300x157.jpeg","resumo":"O torcedor pontepretano, que faz parte do programa NovoTC10, tamb\u00e9m ter\u00e1 vantagens com descontos proporcionais e progressivos nas mensalidades"},"1871360":{"titulo":"S\u00e9rie B: Ap\u00f3s apenas quatro jogos, Cortez n\u00e3o \u00e9 mais jogador do Mirassol","link":"https:\/\/www.futebolinterior.com.br\/serie-b-apos-apenas-quatro-jogos-cortez-nao-e-mais-jogador-do-mirassol\/","chapeu":"EITA","data":"14\/07\/2023","imagem":"https:\/\/images.futebolinterior.com.br\/2023\/07\/Cortez-Mirassol-Serie-B-300x200.jpg","resumo":"Atualmente, o Mirassol \u00e9 sexto colocado da S\u00e9rie B com 26 pontos"},"1871353":{"titulo":"S\u00e9rie B: Londrina contrata lateral vindo da base do Botafogo","link":"https:\/\/www.futebolinterior.com.br\/serie-b-londrina-contrata-lateral-vindo-da-base-do-botafogo\/","chapeu":"A\u00cd SIM","data":"14\/07\/2023","imagem":"https:\/\/images.futebolinterior.com.br\/2023\/07\/Igor-Franca-Londrina-300x200.jpg","resumo":"Atualmente, o Londrina \u00e9 18\u00ba colocado da S\u00e9rie B com onze pontos ganhos e volta a campo nesta s\u00e1bado (15) quando recebe o Vila Nova, no Est\u00e1dio do Caf\u00e9, \u00e0s 17h"},"1871555":{"titulo":"S\u00e9rie B: Apresentado, Jo\u00e3o Igor confia na recupera\u00e7\u00e3o da Chape: \u201cNada \u00e9 imposs\u00edvel\u201d","link":"https:\/\/www.futebolinterior.com.br\/serie-b-apresentado-joao-igor-confia-na-recuperacao-da-chape-nada-e-impossivel\/","chapeu":"OPA!","data":"14\/07\/2023","imagem":"https:\/\/images.futebolinterior.com.br\/2023\/07\/CHAPE-300x169.webp","resumo":""},"1871332":{"titulo":"S\u00e9rie B: Jean Cleber lamenta adiamento, mas quer Ava\u00ed mais adaptado ao t\u00e9cnico Barroca","link":"https:\/\/www.futebolinterior.com.br\/serie-b-jean-cleber-lamenta-adiamento-mas-quer-avai-mais-adaptado-ao-tecnico-barroca\/","chapeu":"OPA!","data":"14\/07\/2023","imagem":"https:\/\/images.futebolinterior.com.br\/2023\/07\/avai-jean-300x200.webp","resumo":""},"1871276":{"titulo":"S\u00e9rie B: T\u00e9cnico exalta rea\u00e7\u00e3o do Crici\u00fama e projeta recuperar pontos fora de casa","link":"https:\/\/www.futebolinterior.com.br\/serie-b-tecnico-exalta-reacao-do-criciuma-e-projeta-recuperar-pontos-fora-de-casa\/","chapeu":"BOLA PRA FRENTE","data":"14\/07\/2023","imagem":"https:\/\/images.futebolinterior.com.br\/2023\/07\/tencati-300x189.jpg","resumo":""}}