{"1870828":{"titulo":"Atl\u00e9tico-GO x Sport - Regularidade contra estabilidade na S\u00e9rie B","link":"https:\/\/www.futebolinterior.com.br\/atletico-go-sport-serie-b\/","chapeu":"DISTINTOS","data":"13\/07\/2023","imagem":"https:\/\/images.futebolinterior.com.br\/2023\/07\/atletico-go-sport-2021-300x179.jpeg","resumo":"Atl\u00e9tico-GO tem mudan\u00e7as entre os 11 por conta de suspens\u00e3o, enquanto o Le\u00e3o vai a campo com manuten\u00e7\u00e3o do time mesmo desfalcado"},"1870907":{"titulo":"S\u00e9rie B: Ainda sem anunciar oficialmente, Atl\u00e9tico-GO acerta com meia ex-Ponte e Crici\u00fama","link":"https:\/\/www.futebolinterior.com.br\/serie-b-ainda-sem-anunciar-oficialmente-atletico-go-acerta-com-meia-ex-ponte-e-criciuma\/","chapeu":"A\u00cd SIM","data":"13\/07\/2023","imagem":"https:\/\/images.futebolinterior.com.br\/2023\/07\/Serrato-Atletico-GO-300x199.png","resumo":"Atualmente com 23 pontos, o Atl\u00e9tico-GO \u00e9 o 11\u00ba colocado da S\u00e9rie B"},"1870886":{"titulo":"S\u00e9rie B: Presidente do Londrina se desculpa e pede \"jun\u00e7\u00e3o de for\u00e7as\"","link":"https:\/\/www.futebolinterior.com.br\/serie-b-presidente-do-londrina-se-desculpa-e-pede-juncao-de-forcas\/","chapeu":"DESCULPAS","data":"13\/07\/2023","imagem":"https:\/\/images.futebolinterior.com.br\/2023\/07\/IMG-20230713-WA0022-283x300.jpg","resumo":"O presidnete afirmou que o \"\u00fanico que poderia afirmar o que aconteceria no fim antes do come\u00e7o \u00e9 Deus\""},"1870855":{"titulo":"S\u00e9rie B: Mesmo na lideran\u00e7a, Vila Nova anuncia sa\u00edda de zagueiro Jordan","link":"https:\/\/www.futebolinterior.com.br\/serie-b-mesmo-na-lideranca-vila-nova-anuncia-saida-de-zagueiro-jordan\/","chapeu":"INDO EMBORA","data":"13\/07\/2023","imagem":"https:\/\/images.futebolinterior.com.br\/2023\/07\/Jordan-Vila-Nova-300x200.jpg","resumo":"Atualmente, o Vila Nova \u00e9 primeiro colocado da S\u00e9rie B com 34 pontos e volta a campo no pr\u00f3ximo s\u00e1bado (15), quando visita o Londrina, no Est\u00e1dio do Caf\u00e9, \u00e0s 17h"},"1870778":{"titulo":"S\u00e9rie B: Presidente do Novorizontino participa de reuni\u00e3o na CBF e ressalta: \"Melhorias\"","link":"https:\/\/www.futebolinterior.com.br\/serie-b-novorizontino-reuniao-cbf\/","chapeu":"TRABALHO!","data":"13\/07\/2023","imagem":"https:\/\/images.futebolinterior.com.br\/2023\/07\/FR60310-300x200.jpg","resumo":"O presidente do Novorizontino, Genilson da Rocha Santos, participou da reuni\u00e3o entre presidentes e representantes dos clubes da S\u00e9rie B na CBF"},"1870771":{"titulo":"Por mau tempo e problemas em Aeroportos no sul do Brasil, CBF adia dois jogos da S\u00e9rie B","link":"https:\/\/www.futebolinterior.com.br\/por-mal-tempo-e-problemas-em-aeroportos-no-sul-do-brasil-cbf-adia-dois-jogos-da-serie-b\/","chapeu":"EITA","data":"13\/07\/2023","imagem":"https:\/\/images.futebolinterior.com.br\/2023\/07\/Botafogo-SP-Serie-B-1-300x225.jpg","resumo":"Outros jogos que ir\u00e3o acontecer no sul do pa\u00eds, como Crici\u00fama x Guarani e Juventude x ABC ainda n\u00e3o sofreram altera\u00e7\u00f5es"},"1870770":{"titulo":"S\u00e9rie B: Presidente do Sampaio Corr\u00eaa participa de reuni\u00e3o na CBF e apoia gest\u00e3o da entidade","link":"https:\/\/www.futebolinterior.com.br\/serie-b-presidente-do-sampaio-correa-participa-de-reuniao-na-cbf-e-apoia-gestao-da-entidade\/","chapeu":"BOA","data":"13\/07\/2023","imagem":"https:\/\/images.futebolinterior.com.br\/2023\/07\/WhatsApp-Image-2023-07-13-at-14.41.36-2-300x200.jpeg","resumo":"S\u00e9rgio Frota marca presen\u00e7a na reuni\u00e3o de clubes da S\u00e9rie B com o presidente da CBF, Ednaldo Rodrigues"},"1870638":{"titulo":"S\u00e9rie B: Sport busca melhorar campanha como visitante","link":"https:\/\/www.futebolinterior.com.br\/sport-busca-melhorar-campanha-visitante\/","chapeu":"EVOLU\u00c7\u00c3O","data":"13\/07\/2023","imagem":"https:\/\/images.futebolinterior.com.br\/2023\/07\/sport-vence-londrina-300x200.jpg","resumo":"Sport venceu apenas vez longe de casa e busca melhorar aproveitamento para tentar seguir com estabilidade dentro do G-4 da Segundona"},"1870713":{"titulo":"S\u00e9rie B: Chapecoense aciona CBF e pede adiamento do jogo com Botafogo-SP por quest\u00f5es clim\u00e1ticas","link":"https:\/\/www.futebolinterior.com.br\/serie-b-chapecoense-aciona-cbf-e-pede-adiamento-do-jogo-com-botafogo-sp-por-questoes-climaticas\/","chapeu":"XI!","data":"13\/07\/2023","imagem":"https:\/\/images.futebolinterior.com.br\/2023\/07\/CHAPECOENSE-1-300x223.jpeg","resumo":""},"1870701":{"titulo":"S\u00e9rie B: Ap\u00f3s acertar com Ca\u00edque, Guarani acelera busca por um meia","link":"https:\/\/www.futebolinterior.com.br\/serie-b-apos-acertar-com-caique-guarani-acelera-busca-por-um-meia\/","chapeu":"OPA!","data":"13\/07\/2023","imagem":"https:\/\/images.futebolinterior.com.br\/2023\/07\/UMBERTO-300x200.webp","resumo":""}}