{"274225":{"titulo":"S\u00e9rie B: Londrina se prepara para amistoso diante do Corinthians","link":"https:\/\/www.futebolinterior.com.br\/serie-b-londrina-se-prepara-para-amistoso-diante-do-corinthians\/","chapeu":"prepara\u00e7\u00e3o","data":"04\/07\/2019","imagem":"https:\/\/images.futebolinterior.com.br\/2020\/11\/0002050398921_img-300x221.jpg","resumo":"Para n\u00e3o desgastar os jogadores, o clube desistiu do jogo-treino contra o Athletico-PR marcado para a \u00faltima ter\u00e7a-feira"},"274230":{"titulo":"Na cola do G4, time da S\u00e9rie B \u00e9 atrapalhado por sal\u00e1rios atrasados","link":"https:\/\/www.futebolinterior.com.br\/na-cola-do-g4-time-da-serie-b-e-atrapalhado-por-salarios-atrasados\/","chapeu":"QUE COISA!","data":"04\/07\/2019","imagem":"https:\/\/images.futebolinterior.com.br\/2020\/11\/0002050398916_img-300x232.jpg","resumo":"Os jogadores do Figueirense est\u00e3o com quase dois meses de sal\u00e1rios atrasados e a diretoria n\u00e3o de previs\u00e3o de quando ser\u00e3o pagos"},"274234":{"titulo":"S\u00e9rie B: Ansiosos para jogar, atletas do Am\u00e9rica-MG falam em recome\u00e7o","link":"https:\/\/www.futebolinterior.com.br\/serie-b-ansiosos-para-jogar-atletas-do-america-mg-falam-em-recomeco\/","chapeu":"FOCO","data":"04\/07\/2019","imagem":"https:\/\/images.futebolinterior.com.br\/2020\/11\/0002050398907_img-300x199.png","resumo":"Time est\u00e1 na zona de reabaixamento com cinco pontos e jogadores n\u00e3o veem a hora de retomar o caminho das vit\u00f3rias"},"274254":{"titulo":"S\u00e9rie B: Treinador do Guarani enaltece vit\u00f3ria sobre Palmeiras em amistoso","link":"https:\/\/www.futebolinterior.com.br\/serie-b-treinador-do-guarani-enaltece-vitoria-sobre-palmeiras-em-amistoso\/","chapeu":"SATISFEITO","data":"03\/07\/2019","imagem":"https:\/\/images.futebolinterior.com.br\/2020\/11\/0002050398825_img-300x202.jpg","resumo":"Roberto Fonseca gostou do desempenho bugrino diante do atual campe\u00e3o brasileiro"},"274256":{"titulo":"Revelado no Guarani, zagueiro do Palmeiras diz que n\u00e3o pensa em voltar","link":"https:\/\/www.futebolinterior.com.br\/revelado-no-guarani-zagueiro-do-palmeiras-diz-que-nao-pensa-em-voltar\/","chapeu":"N\u00c3O, OBRIGADO!","data":"03\/07\/2019","imagem":"https:\/\/images.futebolinterior.com.br\/2020\/11\/0002050398803_img-300x177.jpg","resumo":"Edu Dracena fez o gol palmeirense na derrota em amistoso realizado nesta quarta-feira"},"274260":{"titulo":"Guarani 2 x 1 Palmeiras - Bugre joga bem e bate Verd\u00e3o","link":"https:\/\/www.futebolinterior.com.br\/guarani-2-x-1-palmeiras-bugre-joga-bem-e-bate-verdao\/","chapeu":"QUEM DIRIA","data":"03\/07\/2019","imagem":"https:\/\/images.futebolinterior.com.br\/2020\/11\/0002050398797_img-300x163.jpg","resumo":"Edu Dracena abriu o placar para o time da capital, mas Diego Cardoso e Bady deram a vit\u00f3ria ao alviverde do interior"},"274264":{"titulo":"S\u00e9rie B: Bragantino encerra intertemporada na \u00c1ustria com mais uma vit\u00f3ria","link":"https:\/\/www.futebolinterior.com.br\/serie-b-bragantino-encerra-intertemporada-na-austria-com-mais-uma-vitoria\/","chapeu":"\u00c9 100%","data":"03\/07\/2019","imagem":"https:\/\/images.futebolinterior.com.br\/2020\/11\/0002050398785_img-300x184.jpg","resumo":"O Massa Bruta ganhou os cinco jogos-treino que realizou durante o per\u00edodo que esteve em Salzburg"},"274270":{"titulo":"S\u00e9rie B: Elenco do CRB prega \"regularidade\" para conquistar o acesso","link":"https:\/\/www.futebolinterior.com.br\/serie-b-elenco-do-crb-prega-regularidade-para-conquistar-o-acesso\/","chapeu":"\u00c9 O SEGREDO","data":"03\/07\/2019","imagem":"https:\/\/images.futebolinterior.com.br\/2020\/11\/0002050398776_img-300x152.jpg","resumo":"O Galo da Paju\u00e7ara ainda n\u00e3o conseguiu encontrar essa regularidade e por isso est\u00e1 distante do G4"},"274274":{"titulo":"S\u00e9rie B: Ponte Preta empata jogo-treino com time da Copa Paulista","link":"https:\/\/www.futebolinterior.com.br\/serie-b-ponte-preta-empata-jogo-treino-com-time-da-copa-paulista\/","chapeu":"SEM GOLS","data":"03\/07\/2019","imagem":"https:\/\/images.futebolinterior.com.br\/2020\/11\/0002050398773_img-300x199.jpg","resumo":"O zagueiro Airton e meia Gerson Magr\u00e3o foram as aus\u00eancias da atividade realizada nesta quarta-feira"},"274279":{"titulo":"Figueirense fecha treino e aposta no mist\u00e9rio para a Recopa Catarinense","link":"https:\/\/www.futebolinterior.com.br\/figueirense-fecha-treino-e-aposta-no-misterio-para-a-recopa-catarinense\/","chapeu":"QUEM JOGA?","data":"03\/07\/2019","imagem":"https:\/\/images.futebolinterior.com.br\/2020\/11\/0002050398771_img-300x181.jpg","resumo":"Nesta quinta-feira, o time alvinegro recebe o Brusque, no Orlando Scarpelli"}}