{"274150":{"titulo":"S\u00e9rie B: Guarani ter\u00e1 dez mudan\u00e7as em jogo-treino contra Pouso Alegre","link":"https:\/\/www.futebolinterior.com.br\/serie-b-guarani-tera-dez-mudancas-em-jogo-treino-contra-pouso-alegre\/","chapeu":"QUE ISSO, RAPAZ","data":"05\/07\/2019","imagem":"https:\/\/images.futebolinterior.com.br\/2020\/11\/0002050399151_img-300x200.jpg","resumo":"Apenas Feij\u00e3o ser\u00e1 mantido no time em rela\u00e7\u00e3o aos que iniciaram contra o Palmeiras na quarta-feira"},"331676":{"titulo":"Ap\u00f3s ser substitu\u00eddo, ex-Palmeiras volta a campo e garante vit\u00f3ria do Corinthians","link":"https:\/\/www.futebolinterior.com.br\/apos-ser-substituido-ex-palmeiras-volta-a-campo-e-garante-vitoria-do-corinthians\/","chapeu":"PODE ISSO?","data":"04\/07\/2019","imagem":"https:\/\/images.futebolinterior.com.br\/2021\/04\/0002050399124_img-300x94.jpg","resumo":"O jogador marcou o gol da vit\u00f3ria do Tim\u00e3o para cima do Vila Nova, nesta quinta, por 2 a 1"},"331696":{"titulo":"Reservas do Palmeiras empatam por 2 a 2 com o Oper\u00e1rio-PR em jogo-treino","link":"https:\/\/www.futebolinterior.com.br\/reservas-do-palmeiras-empatam-por-2-a-2-com-o-operario-pr-em-jogo-treino\/","chapeu":"TUDO IGUAL","data":"04\/07\/2019","imagem":"https:\/\/images.futebolinterior.com.br\/2021\/04\/0002050399098_img-300x175.jpg","resumo":"Gols do time palmeirense foram marcados pelo atacante Arthur Cabral e pelo lateral-esquerdo Esteves"},"274183":{"titulo":"S\u00e9rie B: Ponte Preta busca mais tr\u00eas refor\u00e7os para fechar elenco","link":"https:\/\/www.futebolinterior.com.br\/serie-b-ponte-preta-busca-mais-tres-reforcos-para-fechar-elenco\/","chapeu":"PRIORIDADES","data":"04\/07\/2019","imagem":"https:\/\/images.futebolinterior.com.br\/2020\/11\/0002050399046_img-300x199.jpg","resumo":"As prioridades da diretoria s\u00e3o um zagueiro e dois atacantes de beirada"},"274198":{"titulo":"S\u00e9rie B: Paran\u00e1 oficializa atacante do Vasco e contrata ex-Guarani","link":"https:\/\/www.futebolinterior.com.br\/serie-b-parana-oficializa-atacante-do-vasco-e-contrata-ex-guarani\/","chapeu":"REFOR\u00c7OS","data":"04\/07\/2019","imagem":"https:\/\/images.futebolinterior.com.br\/2020\/11\/0002050398972_img-294x300.jpg","resumo":"Caio Monteiro chega por empr\u00e9stimo junto ao Gigante da Colina e L\u00e9o Pr\u00edncipe foi emprestado pelo Corinthians"},"274203":{"titulo":"S\u00e9rie B: Elenco do Crici\u00fama projeta recupera\u00e7\u00e3o em busca do acesso","link":"https:\/\/www.futebolinterior.com.br\/serie-b-elenco-do-criciuma-projeta-recuperacao-em-busca-do-acesso\/","chapeu":"OTIMISTAS","data":"04\/07\/2019","imagem":"https:\/\/images.futebolinterior.com.br\/2020\/11\/0002050398952_img-300x200.jpg","resumo":"O Tigre tem seis pontos a menos que a quarta colocada Ponte Preta e precisa correr atr\u00e1s do preju\u00edzo"},"274205":{"titulo":"Prestes a retornar a S\u00e9rie B, Botafogo-SP est\u00e1 perto de esvaziar departamento m\u00e9dico","link":"https:\/\/www.futebolinterior.com.br\/prestes-a-retornar-a-serie-b-botafogo-sp-esta-perto-de-esvaziar-departamento-medico\/","chapeu":"QUASE ZERADO","data":"04\/07\/2019","imagem":"https:\/\/images.futebolinterior.com.br\/2020\/11\/0002050398945_img-300x167.jpg","resumo":"Apenas o meia Wellington Bruno segue entre os lesionados do time de Ribeir\u00e3o Preto"},"274210":{"titulo":"S\u00e9rie B: Atl\u00e9tico-GO oficializa contrata\u00e7\u00e3o de ex-zagueiro da Ponte Preta","link":"https:\/\/www.futebolinterior.com.br\/serie-b-atletico-go-oficializa-contratacao-de-ex-zagueiro-da-ponte-preta\/","chapeu":"ELE CHEGOU","data":"04\/07\/2019","imagem":"https:\/\/images.futebolinterior.com.br\/2020\/11\/0002050398939_img-300x297.jpg","resumo":"Emprestado pelo Atl\u00e9tico-MG at\u00e9 o fim do ano, Nathan tamb\u00e9m pode atuar como volante"},"274218":{"titulo":"S\u00e9rie B: Com melhor m\u00e9dia de p\u00fablico, Coritiba mant\u00e9m promo\u00e7\u00e3o de ingressos","link":"https:\/\/www.futebolinterior.com.br\/serie-b-com-melhor-media-de-publico-coritiba-mantem-promocao-de-ingressos\/","chapeu":"TOP\u00cdSSIMO","data":"04\/07\/2019","imagem":"https:\/\/images.futebolinterior.com.br\/2020\/11\/0002050398929_img-300x197.png","resumo":"Se comparado a times da S\u00e9rie A, Coxa perde apenas para Flamengo e Corinthians"},"274223":{"titulo":"S\u00e9rie B: Presidente do Vit\u00f3ria diz que \"dois a tr\u00eas refor\u00e7os\" devem chegar","link":"https:\/\/www.futebolinterior.com.br\/serie-b-presidente-do-vitoria-diz-que-dois-a-tres-reforcos-devem-chegar\/","chapeu":"\u00c9 PRECISO","data":"04\/07\/2019","imagem":"https:\/\/images.futebolinterior.com.br\/2020\/11\/0002050398923_img-300x200.jpg","resumo":"Paulo Carneiro tamb\u00e9m pediu ajuda aos torcedores para aumentar o n\u00famero de s\u00f3cios"}}