{"331891":{"titulo":"S\u00e9rie B: Pressionado, Wesley acredita em recupera\u00e7\u00e3o do Crici\u00fama","link":"https:\/\/www.futebolinterior.com.br\/serie-b-pressionado-wesley-acredita-em-recuperacao-do-criciuma\/","chapeu":"DE BOA","data":"03\/07\/2019","imagem":"https:\/\/images.futebolinterior.com.br\/2021\/04\/0002050398765_img-300x235.jpg","resumo":"\u200bContratado em mar\u00e7o para ser uma das refer\u00eancias do elenco, Wesley n\u00e3o quer jogar a toalha"},"274281":{"titulo":"Lateral-esquerdo da 'Barcelusa' anuncia aposentadoria aos 38 anos","link":"https:\/\/www.futebolinterior.com.br\/lateral-esquerdo-da-barcelusa-anuncia-aposentadoria-aos-38-anos\/","chapeu":"PONTO FINAL","data":"03\/07\/2019","imagem":"https:\/\/images.futebolinterior.com.br\/2020\/11\/0002050398760_img-300x157.jpg","resumo":"Marcelo Cordeiro estava no S\u00e3o Bento, clube pelo qual se despede na S\u00e9rie B do Brasileir\u00e3o"},"331901":{"titulo":"Sem mod\u00e9stia, atacante diz que Sport \u00e9 o time a ser batido na S\u00e9rie B","link":"https:\/\/www.futebolinterior.com.br\/sem-modestia-atacante-diz-que-sport-e-o-time-a-ser-batido-na-serie-b\/","chapeu":"EITA","data":"03\/07\/2019","imagem":"https:\/\/images.futebolinterior.com.br\/2021\/04\/0002050398747_img-300x203.jpg","resumo":"Ezequiel foi emprestado pelo Botafogo e \u00e9 titular absoluto no time de Guto Ferreira"},"274297":{"titulo":"Fluminense demonstra interesse na contrata\u00e7\u00e3o de zagueiro da S\u00e9rie B","link":"https:\/\/www.futebolinterior.com.br\/fluminense-demonstra-interesse-na-contratacao-de-zagueiro-da-serie-b\/","chapeu":"XERIF\u00c3O?","data":"03\/07\/2019","imagem":"https:\/\/images.futebolinterior.com.br\/2020\/11\/0002050398737_img-300x169.jpg","resumo":"Wesley Matos \u00e9 titular absoluto no Vila Nova, com quem tem contrato at\u00e9 dezembro de 2020"},"274299":{"titulo":"S\u00e9rie B: Coritiba libera meia para clube do futebol portugu\u00eas","link":"https:\/\/www.futebolinterior.com.br\/serie-b-coritiba-libera-meia-para-clube-do-futebol-portugues\/","chapeu":"TCHAU","data":"03\/07\/2019","imagem":"https:\/\/images.futebolinterior.com.br\/2020\/11\/0002050398736_img-300x225.jpg","resumo":"Revelado na base do Coxa, Kady estava atuando pelo time de Aspirantes e defender\u00e1 as cores do Estoril na pr\u00f3xiam temporada europeia"},"274306":{"titulo":"S\u00e9rie B: Atacante destaque no Botafogo em 2013 chega para refor\u00e7ar o Am\u00e9rica-MG","link":"https:\/\/www.futebolinterior.com.br\/serie-b-atacante-destaque-no-botafogo-em-2013-chega-para-reforcar-o-america-mg\/","chapeu":"MERCADO","data":"03\/07\/2019","imagem":"https:\/\/images.futebolinterior.com.br\/2020\/11\/0002050398723_img-300x169.jpg","resumo":"Elias marcou dez gols em 25 jogos naquela temporada pelo Fog\u00e3o e agora espera apenas o t\u00e9rmino dos exames para ser anunciado"},"274309":{"titulo":"Oeste vence time da Copa Paulista em terceiro jogo-treino de prepara\u00e7\u00e3o","link":"https:\/\/www.futebolinterior.com.br\/oeste-vence-time-da-copa-paulista-em-terceiro-jogo-treino-de-preparacao\/","chapeu":"PEGANDO RITMO","data":"03\/07\/2019","imagem":"https:\/\/images.futebolinterior.com.br\/2020\/11\/0002050398704_img-300x137.png","resumo":"Elvis marcou o \u00fanico gol da equipe da S\u00e9rie B do Brasileir\u00e3o contra rival estadual"},"331951":{"titulo":"S\u00e9rie B: De visual novo, artilheiro da Ponte Preta quer acesso","link":"https:\/\/www.futebolinterior.com.br\/serie-b-de-visual-novo-artilheiro-da-ponte-preta-quer-acesso\/","chapeu":"ELITE \u00c0 VISTA","data":"03\/07\/2019","imagem":"https:\/\/images.futebolinterior.com.br\/2021\/04\/0002050398703_img-215x300.jpg","resumo":"Atacante tem dois gols marcados em quatro jogos pela Macaca na competi\u00e7\u00e3o"},"274321":{"titulo":"S\u00e9rie B: A pedido da TV, CBF muda dia de Ponte Preta e Atl\u00e9tico-GO","link":"https:\/\/www.futebolinterior.com.br\/serie-b-a-pedido-da-tv-cbf-muda-dia-de-ponte-preta-e-atletico-go\/","chapeu":"MUDAN\u00c7A","data":"03\/07\/2019","imagem":"https:\/\/images.futebolinterior.com.br\/2020\/11\/0002050398690_img-300x168.jpg","resumo":"Jogo sai do dia 19 de julho para 16 do mesmo m\u00eas. Local e hor\u00e1rio permanecem os mesmos"},"331967":{"titulo":"Guarani deve ter mudan\u00e7as no time em amistoso contra Palmeiras","link":"https:\/\/www.futebolinterior.com.br\/guarani-deve-ter-mudancas-no-time-em-amistoso-contra-palmeiras\/","chapeu":"NOVIDADES","data":"03\/07\/2019","imagem":"https:\/\/images.futebolinterior.com.br\/2021\/04\/0002050398683_img-300x190.png","resumo":"Armero e Michel Douglas devem come\u00e7ar entre os titulares nesta quarta-feira"}}