{"1515383":{"titulo":"Mancini diz que Gr\u00eamio n\u00e3o vai jogar a toalha: \u201cVamos brigar at\u00e9 o final\u201d","link":"https:\/\/www.futebolinterior.com.br\/mancini-diz-que-gremio-nao-vai-jogar-a-toalha-vamos-brigar-ate-o-final\/","chapeu":"SONHADOR","data":"26\/11\/2021","imagem":"https:\/\/images.futebolinterior.com.br\/2021\/11\/mANCINI_GREMIO-300x200.jpg","resumo":""},"1515370":{"titulo":"PLACAR FI: Ponte se despede da S\u00e9rie B. Confira todos os jogos desta sexta-feira","link":"https:\/\/www.futebolinterior.com.br\/placar-fi-ponte-se-despede-da-serie-b-confira-todos-os-jogos-desta-sexta-feira\/","chapeu":"SE LIGA!","data":"26\/11\/2021","imagem":"https:\/\/images.futebolinterior.com.br\/2021\/11\/sttu-300x135.jpg","resumo":""},"1515356":{"titulo":"Ap\u00f3s vexame em Salvador e rebaixamento cada vez mais perto, jogadores do Gr\u00eamio se calam","link":"https:\/\/www.futebolinterior.com.br\/apos-vexame-em-salvador-e-rebaixamento-cada-vez-mais-perto-jogadores-do-gremio-se-calam\/","chapeu":"SIL\u00caNCIO","data":"26\/11\/2021","imagem":"https:\/\/images.futebolinterior.com.br\/2021\/11\/Borja_gremio-300x200.jpg","resumo":""},"1515310":{"titulo":"Bahia 3 x 1 Gr\u00eamio - Bahia respira e Gr\u00eamio praticamente sela seu rebaixamento para a S\u00e9rie B","link":"https:\/\/www.futebolinterior.com.br\/bahia-3-x-1-gremio-bahia-respira-e-gremio-praticamente-sela-seu-rebaixamento-para-a-serie-b\/","chapeu":"IMORTAL?","data":"26\/11\/2021","imagem":"https:\/\/images.futebolinterior.com.br\/2021\/11\/bahia_gremio-1-300x200.jpg","resumo":""},"1515306":{"titulo":"Rog\u00e9rio Ceni quer S\u00e3o Paulo ofensivo diante do fr\u00e1gil Sport no Morumbi","link":"https:\/\/www.futebolinterior.com.br\/rogerio-ceni-busca-sao-paulo-ofensivo-diante-do-fragil-sport-no-morumbi\/","chapeu":"PRA FRENTE","data":"26\/11\/2021","imagem":"https:\/\/images.futebolinterior.com.br\/2021\/11\/Screenshot_10-7-300x204.jpg","resumo":""},"1515295":{"titulo":"Luto! Morre o mais conhecido rep\u00f3rter do r\u00e1dio esportivo na cobertura do Santos","link":"https:\/\/www.futebolinterior.com.br\/luto-morre-o-mais-conhecido-reporter-do-radio-esportivo-na-cobertura-do-santos\/","chapeu":"TRISTE","data":"26\/11\/2021","imagem":"https:\/\/images.futebolinterior.com.br\/2021\/11\/image-6-300x169.png","resumo":""},"1515282":{"titulo":"Para lotar est\u00e1dio, Juventude cria at\u00e9 'atestado' para a torcida sair mais cedo do trampo","link":"https:\/\/www.futebolinterior.com.br\/para-lotar-estadio-juventude-cria-ate-atestado-para-a-torcida-sair-mais-cedo-do-trampo\/","chapeu":"APOIO","data":"26\/11\/2021","imagem":"https:\/\/images.futebolinterior.com.br\/2021\/11\/TORCIDA_JUVENTUDE-300x200.jpg","resumo":""},"1515254":{"titulo":"Desgaste dos atletas faz Sylvinho definir escala\u00e7\u00e3o do Corinthians s\u00f3 no s\u00e1bado","link":"https:\/\/www.futebolinterior.com.br\/desgaste-dos-atletas-faz-sylvinho-definir-escalacao-do-corinthians-so-no-sabado\/","chapeu":"\u00daLTIMA HORA","data":"26\/11\/2021","imagem":"https:\/\/images.futebolinterior.com.br\/2021\/11\/Screenshot_6-6-300x200.jpg","resumo":""},"1515222":{"titulo":"BRASILEIR\u00c3O: S\u00e3o Paulo na corda bamba, Corinthians em busca do G4 Santos na briga pela \"Sula\"","link":"https:\/\/www.futebolinterior.com.br\/brasileirao-sao-paulo-na-corda-bamba-corinthians-em-busca-do-g4-santos-na-briga-pela-sula\/","chapeu":"RETA FINAL","data":"26\/11\/2021","imagem":"https:\/\/images.futebolinterior.com.br\/2021\/11\/saopaulo-300x208.png","resumo":"Com as duas m\u00e3os na ta\u00e7a, o Galo encara o Fluminense no domingo"},"1515186":{"titulo":"CBF revela nova data para Chapecoense x Atl\u00e9tico-GO e muda mais dois jogos","link":"https:\/\/www.futebolinterior.com.br\/cbf-revela-nova-data-para-chapecoense-x-atletico-go-e-muda-mais-dois-jogos\/","chapeu":"DEFINIDO","data":"26\/11\/2021","imagem":"https:\/\/images.futebolinterior.com.br\/2021\/11\/atletico-go-chapecoense-brasileirao-300x191.jpg","resumo":""}}