{"1515193":{"titulo":"S\u00e3o Paulo x Sport - Tricolor vai conseguir respirar?","link":"https:\/\/www.futebolinterior.com.br\/sao-paulo-x-sport-tricolor-vai-conseguir-respirar\/","chapeu":"VALE MUITO","data":"26\/11\/2021","imagem":"https:\/\/images.futebolinterior.com.br\/2021\/11\/sao-paulo-athletico-pr-brasileirao-300x214.jpg","resumo":""},"1515168":{"titulo":"Red Bull Bragantino x Am\u00e9rica-MG - \u00c9 hora de virar a p\u00e1gina!","link":"https:\/\/www.futebolinterior.com.br\/red-bull-bragantino-x-america-mg-e-hora-de-virar-a-pagina\/","chapeu":"JOGO DURO","data":"26\/11\/2021","imagem":"https:\/\/images.futebolinterior.com.br\/2021\/11\/red-bull-bragantino-athletico-pr-final-sul-americana-300x211.jpg","resumo":""},"1515160":{"titulo":"Cada vez mais perto do t\u00edtulo, Atl\u00e9tico-MG conta com retornos, mas tamb\u00e9m tem d\u00favidas","link":"https:\/\/www.futebolinterior.com.br\/cada-vez-mais-perto-do-titulo-atletico-mg-conta-com-retornos-mas-tambem-tem-duvidas\/","chapeu":"FOCO TOTAL","data":"26\/11\/2021","imagem":"https:\/\/images.futebolinterior.com.br\/2021\/11\/FFEbjJHWUAYEfBw-300x200.jpg","resumo":""},"1515150":{"titulo":"Sem concorr\u00eancia, presidente do Fortaleza deve ser reeleito","link":"https:\/\/www.futebolinterior.com.br\/sem-concorrencia-presidente-do-fortaleza-deve-ser-reeleito\/","chapeu":"\u00daNICO","data":"26\/11\/2021","imagem":"https:\/\/images.futebolinterior.com.br\/2021\/11\/marcelo-paz-presidente-fortaleza-300x214.jpg","resumo":""},"1515105":{"titulo":"Am\u00e9rica-MG d\u00e1 \u00faltima cartada em busca do sonho da Libertadores","link":"https:\/\/www.futebolinterior.com.br\/america-mg-da-ultima-cartada-em-busca-do-sonho-da-libertadores\/","chapeu":"\u00c9 POSS\u00cdVEL","data":"26\/11\/2021","imagem":"https:\/\/images.futebolinterior.com.br\/2021\/11\/treino-america-mg-lucas-kal-300x201.jpg","resumo":""},"1515101":{"titulo":"A um dia da final, conselheiro do Flamengo aciona Renato Ga\u00facho no STJD: \"N\u00e3o vai ficar impune\"","link":"https:\/\/www.futebolinterior.com.br\/a-um-dia-da-final-conselheiro-do-flamengo-aciona-renato-gaucho-no-stjd-nao-vai-ficar-impune\/","chapeu":"BEM AGORA?","data":"26\/11\/2021","imagem":"https:\/\/images.futebolinterior.com.br\/2021\/11\/Fla_AlexandreVidal_01_ori-1-300x200.jpg","resumo":"Conselheiro ainda n\u00e3o engoliu o empate por 2 a 2 com o Gr\u00eamio, antigo clube de Renato Ga\u00facho"},"1514995":{"titulo":"Torcedores come\u00e7am a questionar treinador em momento ruim do Fortaleza","link":"https:\/\/www.futebolinterior.com.br\/torcedores-comecam-a-questionar-treinador-em-momento-ruim-do-fortaleza\/","chapeu":"CR\u00cdTICAS","data":"26\/11\/2021","imagem":"https:\/\/images.futebolinterior.com.br\/2021\/11\/fortaleza0119-300x169.jpg","resumo":""},"1514939":{"titulo":"Eita! Ap\u00f3s ser comparado a Gabigol, Guerrero se irrita e diz: \"Tenho gols na Europa\"","link":"https:\/\/www.futebolinterior.com.br\/eita-apos-ser-comparado-a-gabigol-guerrero-se-irrita-e-diz-tenho-gols-na-europa\/","chapeu":"OLHA A TRETA","data":"26\/11\/2021","imagem":"https:\/\/images.futebolinterior.com.br\/2021\/11\/guerrero-300x194.png","resumo":"Peruano respondeu e ainda disse que \"o moleque tem que comer muito arroz com feij\u00e3o\""},"1514949":{"titulo":"Sport encerra prepara\u00e7\u00e3o com apoio da torcida na Ilha do Retiro","link":"https:\/\/www.futebolinterior.com.br\/sport-encerra-preparacao-com-apoio-da-torcida-na-ilha-do-retiro\/","chapeu":"INCENTIVO","data":"26\/11\/2021","imagem":"https:\/\/images.futebolinterior.com.br\/2021\/11\/torcida-sport-treino-ilha-do-retiro-300x160.jpg","resumo":""},"1514925":{"titulo":"Na galera! \u00cddolos do Cear\u00e1 comemoram vit\u00f3ria diante do Corinthians no meio da torcida","link":"https:\/\/www.futebolinterior.com.br\/na-galera-idolos-do-ceara-comemoram-vitoria-diante-do-corinthians-no-meio-da-torcida\/","chapeu":"QUE LEGAL","data":"26\/11\/2021","imagem":"https:\/\/images.futebolinterior.com.br\/2021\/11\/Screenshot-2021-11-26-at-11-39-09-Idolos-do-Ceara-Mota-e-Magno-Alves-comemoram-na-torcida-vitoria-em-cima-do-Corinthians-300x200.png","resumo":""}}