{"422254":{"titulo":"Paulist\u00e3o: Santos acerta com a Inter de Mil\u00e3o e anuncia Gabriel por empr\u00e9stimo","link":"https:\/\/www.futebolinterior.com.br\/paulistao-santos-acerta-com-a-inter-de-milao-e-anuncia-gabriel-por-emprestimo\/","chapeu":"ELE VOLTOU!","data":"25\/01\/2018","imagem":"https:\/\/images.futebolinterior.com.br\/2021\/04\/0002050290558_img-300x200.jpg","resumo":"O Peixe ter\u00e1 que pagar cerca de 1,7 milh\u00e3o de euros pela negocia\u00e7\u00e3o (cerca de R$ 6,6 milh\u00f5es)"},"422273":{"titulo":"Paulist\u00e3o: \u200bRecuperando-se de les\u00e3o, Tat\u00e1 foca em retorno aos gramados no Red Bull","link":"https:\/\/www.futebolinterior.com.br\/paulistao-%e2%80%8brecuperando-se-de-lesao-tata-foca-em-retorno-aos-gramados-no-red-bull\/","chapeu":"PARA VOLTAR","data":"25\/01\/2018","imagem":"https:\/\/images.futebolinterior.com.br\/2021\/04\/0002050290538_img-300x200.jpg","resumo":"Atacante vive expectativa de estar presente nas pr\u00f3ximas rodadas do Campeonato Paulista"},"422277":{"titulo":"Paulist\u00e3o: \u200bDiones comemora primeiro triunfo do Botafogo e foca em sequ\u00eancia","link":"https:\/\/www.futebolinterior.com.br\/paulistao-%e2%80%8bdiones-comemora-primeiro-triunfo-do-botafogo-e-foca-em-sequencia\/","chapeu":"MANDOU BEM","data":"25\/01\/2018","imagem":"https:\/\/images.futebolinterior.com.br\/2021\/04\/0002050290537_img-300x189.jpg","resumo":"O volante foi um dos destaques do time da Pantera no triunfo sobre o Novorizontino, pela terceira rodada do estadual"},"422295":{"titulo":"Paulist\u00e3o: Botafogo contrata atacante Cafu, ex-Flamengo e Cear\u00e1","link":"https:\/\/www.futebolinterior.com.br\/paulistao-botafogo-contrata-atacante-cafu-ex-flamengo-e-ceara\/","chapeu":"REFOR\u00c7O","data":"25\/01\/2018","imagem":"https:\/\/images.futebolinterior.com.br\/2021\/04\/0002050290528_img-300x177.jpg","resumo":"O jogador de 22 anos \u00e9 aguardado nesta quinta-feira em Ribeir\u00e3o Preto para realizar exames m\u00e9dicos"},"422321":{"titulo":"Paulist\u00e3o: Nessa quinta, Palmeiras ir\u00e1 alcan\u00e7ar marca de R$ 200 mi em renda na arena","link":"https:\/\/www.futebolinterior.com.br\/paulistao-nessa-quinta-palmeiras-ira-alcancar-marca-de-r-200-mi-em-renda-na-arena\/","chapeu":"MUITA GRANA","data":"25\/01\/2018","imagem":"https:\/\/images.futebolinterior.com.br\/2021\/04\/0002050290521_img-300x183.jpg","resumo":"Pelo acordo firmado com a WTorre, administradora do est\u00e1dio, o clube fica com toda a bilheteria, assim que s\u00e3o descontadas as despesas"},"422325":{"titulo":"Paulist\u00e3o: Ap\u00f3s diretoria recusar propostas, Copete diz estar feliz no Santos","link":"https:\/\/www.futebolinterior.com.br\/paulistao-apos-diretoria-recusar-propostas-copete-diz-estar-feliz-no-santos\/","chapeu":"T\u00c1 BOM","data":"25\/01\/2018","imagem":"https:\/\/images.futebolinterior.com.br\/2021\/04\/0002050290515_img-300x130.jpg","resumo":"Atl\u00e9tico Nacional-COL e Atl\u00e9tico-MG demonstraram interesse na contrata\u00e7\u00e3o do colombiano"},"422318":{"titulo":"Paulist\u00e3o: Carille admite que pode escalar ex-atacante do Ava\u00ed contra o S\u00e3o Paulo","link":"https:\/\/www.futebolinterior.com.br\/paulistao-carille-admite-que-pode-escalar-ex-atacante-do-avai-contra-o-sao-paulo\/","chapeu":"GANHOU MORAL!","data":"25\/01\/2018","imagem":"https:\/\/images.futebolinterior.com.br\/2021\/04\/0002050290512_img-300x169.jpg","resumo":"Treinador afirma que J\u00fanior Dutra passaram por uma avalia\u00e7\u00e3o f\u00edsica; Jadson, Rodriguinho e Romero devem retonar ao time "},"422331":{"titulo":"Marca\u00e7\u00e3o forte e velocidade s\u00e3o as armas da Ponte Preta para buscar a reabilita\u00e7\u00e3o","link":"https:\/\/www.futebolinterior.com.br\/marcacao-forte-e-velocidade-sao-as-armas-da-ponte-preta-para-buscar-a-reabilitacao\/","chapeu":"NA PEGADA !","data":"25\/01\/2018","imagem":"https:\/\/images.futebolinterior.com.br\/2021\/04\/0002050290506_img-300x200.jpg","resumo":"Marciel entra no meio-campo e Fellipe Cardoso deve comandar o ataque contra o Peixe no Majestoso"},"422447":{"titulo":"Paulist\u00e3o: Her\u00f3i contra o Santos, goleiro do Bragantino analisa: 'N\u00e3o foi p\u00eanalti'","link":"https:\/\/www.futebolinterior.com.br\/paulistao-heroi-contra-o-santos-goleiro-do-bragantino-analisa-nao-foi-penalti\/","chapeu":"NADA, NADA, ...","data":"25\/01\/2018","imagem":"https:\/\/images.futebolinterior.com.br\/2021\/04\/0002050290516_img-300x199.jpg","resumo":"Alex Alves frisa que n\u00e3o levou cart\u00e3o amarelo no lance; Jogador revela que atuou com Rodrig\u00e3o, o batedor, no Campinense "},"422400":{"titulo":"Paulist\u00e3o: C\u00e1ssio v\u00ea Corinthians mais maduro e organizado ap\u00f3s vit\u00f3ria sobre a Ferrovi\u00e1ria","link":"https:\/\/www.futebolinterior.com.br\/paulistao-cassio-ve-corinthians-mais-maduro-e-organizado-apos-vitoria-sobre-a-ferroviaria\/","chapeu":"CRESCENDO!","data":"25\/01\/2018","imagem":"https:\/\/images.futebolinterior.com.br\/2021\/04\/0002050290494_img-300x200.jpg","resumo":"Goleiro destaca persist\u00eancia do Tim\u00e3o para buscar a virada, e admite atmosfera diferente para cl\u00e1ssicom com S\u00e3o Paulo "}}