{"422177":{"titulo":"Paulist\u00e3o: Ituano defende tabu no Novelli J\u00fanior contra o Santo Andr\u00e9","link":"https:\/\/www.futebolinterior.com.br\/paulistao-ituano-defende-tabu-no-novelli-junior-contra-o-santo-andre\/","chapeu":"AI SIM","data":"25\/01\/2018","imagem":0,"resumo":"O Ituano recebe o Santo Andr\u00e9 na noite desta quinta-feira (25), \u00e1s 19h30, no Est\u00e1dio Novelli J\u00fanior, na cidade de Itu, pela terceira rodada do Campeonato Paulista"},"422185":{"titulo":"Cueva pede desculpas e diz que ainda quer lutar por espa\u00e7o no S\u00e3o Paulo","link":"https:\/\/www.futebolinterior.com.br\/cueva-pede-desculpas-e-diz-que-ainda-quer-lutar-por-espaco-no-sao-paulo\/","chapeu":"FOI MAL!","data":"25\/01\/2018","imagem":"https:\/\/images.futebolinterior.com.br\/2021\/04\/0002050290607_img-300x193.jpg","resumo":"Perueno disse que n\u00e3o foi ele quem publicou uma mensagem em sua rede social, em que se mostrava descontente c"},"422187":{"titulo":"Paulist\u00e3o: PC de Oliveira aponta problema da Ferrovi\u00e1ria: \"estamos sem escape\"","link":"https:\/\/www.futebolinterior.com.br\/paulistao-pc-de-oliveira-aponta-problema-da-ferroviaria-estamos-sem-escape\/","chapeu":"DETECTADO","data":"25\/01\/2018","imagem":"https:\/\/images.futebolinterior.com.br\/2021\/04\/0002050290602_img-300x228.jpg","resumo":"A Locomotiva saiu na frente do placar, mas levou a virada do Corinthians na \u00faltima quarta-feira"},"422195":{"titulo":"Paulist\u00e3o: Yuri fratura osso do p\u00e9 direito e desfalca o Santos por at\u00e9 um m\u00eas","link":"https:\/\/www.futebolinterior.com.br\/paulistao-yuri-fratura-osso-do-pe-direito-e-desfalca-o-santos-por-ate-um-mes\/","chapeu":"FORA","data":"25\/01\/2018","imagem":"https:\/\/images.futebolinterior.com.br\/2021\/04\/0002050290598_img-300x198.jpg","resumo":"Se a previs\u00e3o m\u00e1xima for comprovada, o volante dever\u00e1 desfalcar o Santos em at\u00e9 sete partidas do estadual"},"422207":{"titulo":"Paulist\u00e3o: Com gol, Clayson supera cobran\u00e7a at\u00e9 dos companheiros no Corinthians","link":"https:\/\/www.futebolinterior.com.br\/paulistao-com-gol-clayson-supera-cobranca-ate-dos-companheiros-no-corinthians\/","chapeu":"JOGA MUITO","data":"25\/01\/2018","imagem":"https:\/\/images.futebolinterior.com.br\/2021\/04\/0002050290593_img-300x200.jpg","resumo":"O elenco alvinegro voltou \u00e0s atividades na manh\u00e3 desta quinta-feira, j\u00e1 pensando no cl\u00e1ssico com o S\u00e3o Paulo, s\u00e1bado, \u00e0s 17h"},"422228":{"titulo":"Paulist\u00e3o: Vit\u00f3ria sobre o Linense coloca Luiz Carlos Martins na hist\u00f3ria do S\u00e3o Caetano","link":"https:\/\/www.futebolinterior.com.br\/paulistao-vitoria-sobre-o-linense-coloca-luiz-carlos-martins-na-historia-do-sao-caetano\/","chapeu":"QUE MORAL","data":"25\/01\/2018","imagem":"https:\/\/images.futebolinterior.com.br\/2021\/04\/0002050290581_img-300x250.jpg","resumo":"Ao lado de Jair Picerni, ele se tornou o profissional que mais dirigiu o Azul\u00e3o "},"422230":{"titulo":"Paulist\u00e3o: Doriva acredita que derrota traz li\u00e7\u00e3o ao Novorizontino","link":"https:\/\/www.futebolinterior.com.br\/paulistao-doriva-acredita-que-derrota-traz-licao-ao-novorizontino\/","chapeu":"PARA APRENDER","data":"25\/01\/2018","imagem":"https:\/\/images.futebolinterior.com.br\/2021\/04\/0002050290578_img-300x200.jpg","resumo":"Os jogadores do Tigre do Vale entraram em campo desatentos e levaram dois gols em 23 minutos"},"422248":{"titulo":"Paulist\u00e3o: Gabriel celebra volta ao Santos e destaca aprendizado na Europa","link":"https:\/\/www.futebolinterior.com.br\/paulistao-gabriel-celebra-volta-ao-santos-e-destaca-aprendizado-na-europa\/","chapeu":"CHEGOU CHEGANDO","data":"25\/01\/2018","imagem":"https:\/\/images.futebolinterior.com.br\/2021\/04\/0002050290576_img-300x131.jpg","resumo":"Curiosamente, o atual presidente do Santos, Jos\u00e9 Carlos Peres, foi o grande respons\u00e1vel por trazer o atacante \u00e0 equipe santista"},"422234":{"titulo":"Segunda Par\u00f3dia do Futebol Interior \u00e9 com Barcelona e tem sucesso absoluto nas Redes!","link":"https:\/\/www.futebolinterior.com.br\/segunda-parodia-do-futebol-interior-e-com-barcelona-e-tem-sucesso-absoluto-nas-redes\/","chapeu":"N\u00c3O PERCA!","data":"25\/01\/2018","imagem":"https:\/\/images.futebolinterior.com.br\/2021\/04\/0002050290572_img-300x300.jpg","resumo":"Par\u00f3dia envolveu Messi, Coutinho, Mina e o prov\u00e1vel campe\u00e3o espanhol. Vale a pena conferir !"},"422279":{"titulo":"Zagueiro diz que compromissos do empres\u00e1rio atrasam renova\u00e7\u00e3o com o Corinthians","link":"https:\/\/www.futebolinterior.com.br\/zagueiro-diz-que-compromissos-do-empresario-atrasam-renovacao-com-o-corinthians\/","chapeu":"ENROLADO! ","data":"25\/01\/2018","imagem":"https:\/\/images.futebolinterior.com.br\/2021\/04\/0002050290563_img-300x183.jpg","resumo":"Dirigentes comentam que n\u00e3o h\u00e1 impecilhos para um desfecho favor\u00e1vel com Balbuena, mas temem novo 'caso Pablo'"}}