{"420844":{"titulo":"Paulist\u00e3o: Henrique \u00e9 regularizado no BID e pode estrear pelo Corinthians","link":"https:\/\/www.futebolinterior.com.br\/paulistao-henrique-e-regularizado-no-bid-e-pode-estrear-pelo-corinthians\/","chapeu":"A\u00cd SIM","data":"31\/01\/2018","imagem":"https:\/\/images.futebolinterior.com.br\/2021\/04\/0002050291840_img-300x200.jpg","resumo":"Assim, ele pode ser novidade na equipe para a partida contra o Novorizontino, domingo, \u00e0s 19h30, em Novo Horizonte"},"420815":{"titulo":"Paulist\u00e3o: Rodrigo Viana desfalca o S\u00e3o Bento diante do Santo Andr\u00e9","link":"https:\/\/www.futebolinterior.com.br\/paulistao-rodrigo-viana-desfalca-o-sao-bento-diante-do-santo-andre\/","chapeu":"QUEM JOGA?","data":"31\/01\/2018","imagem":"https:\/\/images.futebolinterior.com.br\/2021\/04\/0002050291837_img-300x152.jpg","resumo":"Para seu lugar, o t\u00e9cnico Paulo Roberto tem dois grandes goleiros: Henal e Cleber Alves"},"420829":{"titulo":"Paulist\u00e3o: Rodrigo Viana desfalca o S\u00e3o Bento diante do Santo Andr\u00e9","link":"https:\/\/www.futebolinterior.com.br\/paulistao-rodrigo-viana-desfalca-o-sao-bento-diante-do-santo-andre-2\/","chapeu":"QUEM JOGA?","data":"31\/01\/2018","imagem":"https:\/\/images.futebolinterior.com.br\/2021\/04\/0002050291837_img-300x152.jpg","resumo":"Para seu lugar, o t\u00e9cnico Paulo Roberto tem dois grandes goleiros: Henal e Cleber Alves"},"420840":{"titulo":"Paulist\u00e3o: Ap\u00f3s bom p\u00fablico diante do Linense, Red Bull espera repetir casa cheia","link":"https:\/\/www.futebolinterior.com.br\/paulistao-apos-bom-publico-diante-do-linense-red-bull-espera-repetir-casa-cheia\/","chapeu":"PARA LOTAR","data":"31\/01\/2018","imagem":"https:\/\/images.futebolinterior.com.br\/2021\/04\/0002050291834_img-300x181.jpg","resumo":"O Toro Loko recebe o Bragantino, nesse s\u00e1bado, \u00e0s 19h, no Est\u00e1dio Mois\u00e9s Lucarelli, em jogo v\u00e1lido pela quinta rodada"},"420846":{"titulo":"Encostado no Atl\u00e9tico-MG, Vald\u00edvia pode se transferir para o S\u00e3o Paulo","link":"https:\/\/www.futebolinterior.com.br\/encostado-no-atletico-mg-valdivia-pode-se-transferir-para-o-sao-paulo\/","chapeu":"NOVOS ARES","data":"31\/01\/2018","imagem":"https:\/\/images.futebolinterior.com.br\/2021\/04\/0002050291831_img-300x200.jpg","resumo":"O jogador de 23 anos pertence ao Internacional e est\u00e1 emprestado ao Galo at\u00e9 maio"},"420848":{"titulo":"Paulist\u00e3o: De olho na reabilita\u00e7\u00e3o, S\u00e3o Caetano aproveita semana cheia de treinos","link":"https:\/\/www.futebolinterior.com.br\/paulistao-de-olho-na-reabilitacao-sao-caetano-aproveita-semana-cheia-de-treinos\/","chapeu":"COM TUDO","data":"31\/01\/2018","imagem":"https:\/\/images.futebolinterior.com.br\/2021\/04\/0002050291826_img-300x182.jpg","resumo":"Sem compromissos oficiais neste meio de semana, o t\u00e9cnico Luiz Carlos Martins destaca como pretende aproveitar este per\u00edodo"},"420852":{"titulo":"Paulist\u00e3o: Fora dos planos do S\u00e3o Paulo, Maicosuel fica perto de acerto com o Gr\u00eamio","link":"https:\/\/www.futebolinterior.com.br\/paulistao-fora-dos-planos-do-sao-paulo-maicosuel-fica-perto-de-acerto-com-o-gremio\/","chapeu":"MAS J\u00c1?!","data":"31\/01\/2018","imagem":"https:\/\/images.futebolinterior.com.br\/2021\/04\/0002050291825_img-300x193.jpg","resumo":"Com menos de dez jogos com a camisa tricolor, meia-atacante j\u00e1 est\u00e1 de sa\u00edda. Jogador foi um pedido do ex-t\u00e9cnico Rog\u00e9rio Ceni"},"420873":{"titulo":"Paulist\u00e3o: Lateral Fagner sai em defesa de Kazim: 'n\u00e3o precisa resolver todo jogo'","link":"https:\/\/www.futebolinterior.com.br\/paulistao-lateral-fagner-sai-em-defesa-de-kazim-nao-precisa-resolver-todo-jogo\/","chapeu":"GRUPO FECHADO!","data":"31\/01\/2018","imagem":"https:\/\/images.futebolinterior.com.br\/2021\/04\/0002050291809_img-300x188.jpg","resumo":"J\u00fanior Dutra chegou do Ava\u00ed e tem buscado vaga no time titular. Atacante vem ganhando moral com a torcida a cada jogo"},"420880":{"titulo":"Paulist\u00e3o: Roger Machado quer promover estreia de Scarpa no Palmeiras no cl\u00e1ssico","link":"https:\/\/www.futebolinterior.com.br\/paulistao-roger-machado-quer-promover-estreia-de-scarpa-no-palmeiras-no-classico\/","chapeu":"CHEGOU A HORA!","data":"31\/01\/2018","imagem":"https:\/\/images.futebolinterior.com.br\/2021\/04\/0002050291807_img-300x254.jpg","resumo":"O meia n\u00e3o participou da pr\u00e9-temporada desde o in\u00edcio, adiando sua estreia. Para domingo, jogador deve estar relacionado."},"420891":{"titulo":"Paulist\u00e3o: David Braz perde contato com Lucas Lima, mas nega conflito: 'Vou zuar ele'","link":"https:\/\/www.futebolinterior.com.br\/paulistao-david-braz-perde-contato-com-lucas-lima-mas-nega-conflito-vou-zuar-ele\/","chapeu":"REENCONTRO...","data":"31\/01\/2018","imagem":"https:\/\/images.futebolinterior.com.br\/2021\/04\/0002050291801_img-300x200.jpg","resumo":"Reencontro de meia palmeirense com equipe alvinegra \u00e9 uma das atra\u00e7\u00f5es do cl\u00e1ssico deste domingo, no Allianz Parque"}}