{"420683":{"titulo":"Paulist\u00e3o: Edivaldo Ferraz fala do Futebol Sustent\u00e1vel em confronto do S\u00e3o Caetano","link":"https:\/\/www.futebolinterior.com.br\/paulistao-edivaldo-ferraz-fala-do-futebol-sustentavel-em-confronto-do-sao-caetano\/","chapeu":"\u00c9 SUSTENT\u00c1VEL!","data":"01\/02\/2018","imagem":0,"resumo":"Azul\u00e3o estreia no Anacleto Campanella em duelo diante do Mirassol, domingo, \u00e0s 19h30"},"420675":{"titulo":"Paulist\u00e3o: Diretor financeiro revela rombo de R$ 10 milh\u00f5es na Ponte Preta","link":"https:\/\/www.futebolinterior.com.br\/paulistao-diretor-financeiro-revela-rombo-de-r-10-milhoes-na-ponte-preta\/","chapeu":"TRISTE","data":"01\/02\/2018","imagem":"https:\/\/images.futebolinterior.com.br\/2021\/04\/0002050291981_img-300x169.jpg","resumo":"Dia ap\u00f3s dia a paz vai desmoronando na Ponte Preta"},"420699":{"titulo":"Paulist\u00e3o: \u200bRodrigo Andrade destaca duelo com Bragantino para Red Bull embalar de vez","link":"https:\/\/www.futebolinterior.com.br\/paulistao-%e2%80%8brodrigo-andrade-destaca-duelo-com-bragantino-para-red-bull-embalar-de-vez\/","chapeu":"PARA CIMA","data":"01\/02\/2018","imagem":"https:\/\/images.futebolinterior.com.br\/2021\/04\/0002050291974_img-300x189.jpg","resumo":"Meia da equipe de Campinas espera uma grande apresenta\u00e7\u00e3o diante do Braga, nesse s\u00e1bado, \u00e0s 19h"},"420713":{"titulo":"Paulist\u00e3o: Dorival reclama de calend\u00e1rio e pede paci\u00eancia \u00e0 torcida do S\u00e3o Paulo","link":"https:\/\/www.futebolinterior.com.br\/paulistao-dorival-reclama-de-calendario-e-pede-paciencia-a-torcida-do-sao-paulo\/","chapeu":"COM CALMA","data":"01\/02\/2018","imagem":"https:\/\/images.futebolinterior.com.br\/2021\/04\/0002050291969_img-300x193.jpg","resumo":"Ele confia no planejamento do futebol do clube e prev\u00ea uma temporada diferente do que foi a de 2017"},"420715":{"titulo":"Paulist\u00e3o: Candidato, Paulo Garcia descarta fazer empr\u00e9stimo ao Corinthians","link":"https:\/\/www.futebolinterior.com.br\/paulistao-candidato-paulo-garcia-descarta-fazer-emprestimo-ao-corinthians\/","chapeu":"CONFIRA","data":"01\/02\/2018","imagem":"https:\/\/images.futebolinterior.com.br\/2021\/04\/0002050291967_img-300x225.jpg","resumo":"O candidato \u00e0 presid\u00eancia garante que n\u00e3o ir\u00e1 colocar dinheiro no clube e prometeu tirar seu irm\u00e3o e agente de v\u00e1rios atletas do clube"},"420717":{"titulo":"Paulist\u00e3o: Dupla improv\u00e1vel toma conta da zaga do Palmeiras neste in\u00edcio do ano","link":"https:\/\/www.futebolinterior.com.br\/paulistao-dupla-improvavel-toma-conta-da-zaga-do-palmeiras-neste-inicio-do-ano\/","chapeu":"EM ALTA","data":"01\/02\/2018","imagem":"https:\/\/images.futebolinterior.com.br\/2021\/04\/0002050291966_img-300x169.jpg","resumo":"Quando o t\u00e9cnico Roger Machado definiu a escala\u00e7\u00e3o do time titular do Palmeiras, um setor completamente renovado para o in\u00edcio de ano chamou a aten\u00e7\u00e3o do torcedor"},"420721":{"titulo":"Paulist\u00e3o: Sem jogar, 'encostados' no Corinthians custam R$ 1 milh\u00e3o por m\u00eas","link":"https:\/\/www.futebolinterior.com.br\/paulistao-sem-jogar-encostados-no-corinthians-custam-r-1-milhao-por-mes\/","chapeu":"T\u00c1 CARO","data":"01\/02\/2018","imagem":"https:\/\/images.futebolinterior.com.br\/2021\/04\/0002050291964_img-300x188.jpg","resumo":"Com a volta de jogadores que estavam emprestados e a contrata\u00e7\u00e3o de alguns refor\u00e7os, o elenco do Corinthians conta com mais de 40 nomes, al\u00e9m de pelo menos mais tr\u00eas atletas "},"420754":{"titulo":"PLACAR AO VIVO: Confira TODOS os resultados dos jogos desta QUARTA!","link":"https:\/\/www.futebolinterior.com.br\/placar-ao-vivo-confira-todos-os-resultados-dos-jogos-desta-quarta\/","chapeu":"CADA DETALHE!","data":"01\/02\/2018","imagem":"https:\/\/images.futebolinterior.com.br\/2021\/04\/0002050291934_img-300x173.jpg","resumo":"Pelo Libertadores, a Chapecoense foi derrotada em casa enquanto que o Vasco aplicou uma goleada no advers\u00e1rio chileno"},"420798":{"titulo":"Jos\u00e9 Roberto Fernandes \u00e9 homenageado por completar 75 anos de vida e muito trabalho","link":"https:\/\/www.futebolinterior.com.br\/jose-roberto-fernandes-e-homenageado-por-completar-75-anos-de-vida-e-muito-trabalho\/","chapeu":"EXEMPLO DE VIDA","data":"31\/01\/2018","imagem":"https:\/\/images.futebolinterior.com.br\/2021\/04\/0002050291856_img-300x171.jpg","resumo":"Ele recebeu muitas mensagens, inclusive de S\u00e9rgio Carvalho, direto de Houston (EUA), presidente da Aceisp"},"420822":{"titulo":"Eduardo Baptista foca time da Ponte Preta somente no duelo contra Ituano pelo Paulist\u00e3o","link":"https:\/\/www.futebolinterior.com.br\/eduardo-baptista-foca-time-da-ponte-preta-somente-no-duelo-contra-ituano-pelo-paulistao\/","chapeu":"FOCADO","data":"31\/01\/2018","imagem":"https:\/\/images.futebolinterior.com.br\/2021\/04\/0002050291841_img-300x200.jpg","resumo":"T\u00e9cnico quer manter o time alheio aos problemas extra-campo que est\u00e3o agitando a Ponte Preta"}}