{"420529":{"titulo":"S\u00e3o Bento x Santo Andr\u00e9 - Bent\u00e3o pode afundar Ramalh\u00e3o!","link":"https:\/\/www.futebolinterior.com.br\/sao-bento-x-santo-andre-bentao-pode-afundar-ramalhao\/","chapeu":"OPOSTOS","data":"01\/02\/2018","imagem":"https:\/\/images.futebolinterior.com.br\/2021\/04\/0002050292101_img-300x200.jpg","resumo":"Os dois, l\u00f3gico, querem a vit\u00f3ria, mas ela tem import\u00e2ncia diferente para cada um"},"420537":{"titulo":"Paulist\u00e3o: Corinthians paga metade do sal\u00e1rio e volante Fellipe Bastos est\u00e1 perto do Sport","link":"https:\/\/www.futebolinterior.com.br\/paulistao-corinthians-paga-metade-do-salario-e-volante-fellipe-bastos-esta-perto-do-sport\/","chapeu":"EMPR\u00c9STIMO!","data":"01\/02\/2018","imagem":"https:\/\/images.futebolinterior.com.br\/2021\/04\/0002050292100_img.jpg","resumo":"O Corinthians ficar\u00e1 respons\u00e1vel pelo pagamento de metade do sal\u00e1rio do volante, que recebe algo em torno de R$ 120 mil mensais"},"420535":{"titulo":"Paulist\u00e3o: Diretoria do S\u00e3o Bento esclarece caso do titular Lucas Crispim","link":"https:\/\/www.futebolinterior.com.br\/paulistao-diretoria-do-sao-bento-esclarece-caso-do-titular-lucas-crispim\/","chapeu":"OFICIAL!","data":"01\/02\/2018","imagem":"https:\/\/images.futebolinterior.com.br\/2021\/04\/0002050292094_img.jpg","resumo":"O clube se pronunciou oficialmente sobre a poss\u00edvel puni\u00e7\u00e3o do jogador"},"420543":{"titulo":"Paulist\u00e3o: Aniversariante, Vanderlei respeita Palmeiras, mas quer vit\u00f3ria de presente","link":"https:\/\/www.futebolinterior.com.br\/paulistao-aniversariante-vanderlei-respeita-palmeiras-mas-quer-vitoria-de-presente\/","chapeu":"DATA ESPECIAL!","data":"01\/02\/2018","imagem":"https:\/\/images.futebolinterior.com.br\/2021\/04\/0002050292090_img-300x200.jpg","resumo":"Goleiro santista relembra confrontos recentes entre os clubes: 'jogos apertados e decididos no detalhe'"},"420559":{"titulo":"Paulist\u00e3o: Palmeiras treina titulares para cl\u00e1ssico com o retorno do lateral Victor Lu\u00eds","link":"https:\/\/www.futebolinterior.com.br\/paulistao-palmeiras-treina-titulares-para-classico-com-o-retorno-do-lateral-victor-luis\/","chapeu":"\u00c9 DOMINGO!","data":"01\/02\/2018","imagem":"https:\/\/images.futebolinterior.com.br\/2021\/04\/0002050292079_img-231x300.jpg","resumo":"Scarpa deve ser a novidade no banco de reservas. Meia pode fazer sua estreia na partida deste domingo"},"420580":{"titulo":"Paulist\u00e3o: Brigas na Justi\u00e7a podem complicar elei\u00e7\u00e3o presidencial do Corinthians","link":"https:\/\/www.futebolinterior.com.br\/paulistao-brigas-na-justica-podem-complicar-eleicao-presidencial-do-corinthians\/","chapeu":"DEFINI\u00c7\u00d5ES...","data":"01\/02\/2018","imagem":"https:\/\/images.futebolinterior.com.br\/2021\/04\/0002050292071_img-300x188.jpg","resumo":"Disputa judicial ir\u00e1 definir se Citadini poder\u00e1 ou n\u00e3o se candidatar. Pleito j\u00e1 \u00e9 neste s\u00e1bado e decis\u00e3o ainda n\u00e3o foi tomada"},"420567":{"titulo":"Her\u00f3i na Copa do Brasil, Juliano almeja titularidade no Bragantino","link":"https:\/\/www.futebolinterior.com.br\/heroi-na-copa-do-brasil-juliano-almeja-titularidade-no-bragantino\/","chapeu":"MOTIVADO","data":"01\/02\/2018","imagem":"https:\/\/images.futebolinterior.com.br\/2021\/04\/0002050292065_img-300x200.jpg","resumo":"Contra o Nova Igua\u00e7u, o t\u00e9cnico Marcelo Veiga poupou praticamente todos os titulares"},"420578":{"titulo":"Paulist\u00e3o: Nen\u00ea e Tr\u00e9llez treinam finaliza\u00e7\u00f5es enquanto aguardam regulariza\u00e7\u00e3o","link":"https:\/\/www.futebolinterior.com.br\/paulistao-nene-e-trellez-treinam-finalizacoes-enquanto-aguardam-regularizacao\/","chapeu":"QUASE PRONTOS!","data":"01\/02\/2018","imagem":"https:\/\/images.futebolinterior.com.br\/2021\/04\/0002050292060_img-300x203.jpg","resumo":"Dorival Junior elogia contrata\u00e7\u00e3o da dupla de atacantes: 'vieram qualificar o elenco'"},"420605":{"titulo":"Paulist\u00e3o: Willian elogia Roger na gest\u00e3o de elenco do Palmeiras e o compara a Tite","link":"https:\/\/www.futebolinterior.com.br\/paulistao-willian-elogia-roger-na-gestao-de-elenco-do-palmeiras-e-o-compara-a-tite\/","chapeu":"TUDO EM ORDEM!","data":"01\/02\/2018","imagem":"https:\/\/images.futebolinterior.com.br\/2021\/04\/0002050292045_img-300x188.jpg","resumo":"Atacante acredita que manter o grupo unido \u00e9 uma das principais tarefas de um treinador: 'entender e respeitar o espa\u00e7o de cada um'"},"420607":{"titulo":"Hoje no S\u00e3o Bento, Crispim \u00e9 flagrado no doping por jogo de 2017 pelo Santos","link":"https:\/\/www.futebolinterior.com.br\/hoje-no-sao-bento-crispim-e-flagrado-no-doping-por-jogo-de-2017-pelo-santos\/","chapeu":"NA LISTA","data":"01\/02\/2018","imagem":"https:\/\/images.futebolinterior.com.br\/2021\/04\/0002050292038_img-300x169.jpg","resumo":"Exames da partida contra o Flamengo apontaram a presen\u00e7a de fenoterol na amostra de Lucas Crismpim"}}