{"420598":{"titulo":"Ap\u00f3s elimina\u00e7\u00e3o na Copa do Brasil, Ituano volta as aten\u00e7\u00f5es para o Paulist\u00e3o","link":"https:\/\/www.futebolinterior.com.br\/apos-eliminacao-na-copa-do-brasil-ituano-volta-as-atencoes-para-o-paulistao\/","chapeu":"TROCA O CHIP","data":"01\/02\/2018","imagem":"https:\/\/images.futebolinterior.com.br\/2021\/04\/0002050292039_img-300x198.jpg","resumo":"Invicto no estadual, o Galo de Itu vai ter pela frente a Ponte Preta neste s\u00e1bado, no Novelli J\u00fanior"},"420635":{"titulo":"Paulist\u00e3o: Carille diz que n\u00e3o ouve torcida do Corinthians: 'n\u00e3o desisto de ningu\u00e9m'","link":"https:\/\/www.futebolinterior.com.br\/paulistao-carille-diz-que-nao-ouve-torcida-do-corinthians-nao-desisto-de-ninguem\/","chapeu":"CABE\u00c7A DURA?","data":"01\/02\/2018","imagem":"https:\/\/images.futebolinterior.com.br\/2021\/04\/0002050292031_img-267x300.png","resumo":"T\u00e9cnico do Corinthians admite baixo rendimento do atacante Kazim, por\u00e9m pede apoio e confian\u00e7a da Fiel"},"420611":{"titulo":"Paulist\u00e3o: S\u00e3o Caetano aposta em sequ\u00eancia como mandante para se recuperar","link":"https:\/\/www.futebolinterior.com.br\/paulistao-sao-caetano-aposta-em-sequencia-como-mandante-para-se-recuperar\/","chapeu":"PARA MELHORAR","data":"01\/02\/2018","imagem":"https:\/\/images.futebolinterior.com.br\/2021\/04\/0002050292026_img-300x254.jpg","resumo":"Clube do ABC faz primeiro jogo no Anacleto Campanella neste domingo"},"420616":{"titulo":"Paulist\u00e3o: Ainda sem vencer, elenco do Santo Andr\u00e9 acredita na recupera\u00e7\u00e3o","link":"https:\/\/www.futebolinterior.com.br\/paulistao-ainda-sem-vencer-elenco-do-santo-andre-acredita-na-recuperacao\/","chapeu":"T\u00c1 DEMORANDO...","data":"01\/02\/2018","imagem":"https:\/\/images.futebolinterior.com.br\/2021\/04\/0002050292021_img-300x133.jpg","resumo":"O Ramalh\u00e3o empatou tr\u00eas dos quatro jogos que fez e amarga a lanterna do Grupo B"},"420621":{"titulo":"Com 100%, Palmeiras fecha o m\u00eas de janeiro como 'melhor time do Brasil'","link":"https:\/\/www.futebolinterior.com.br\/com-100-palmeiras-fecha-o-mes-de-janeiro-como-melhor-time-do-brasil\/","chapeu":"EMPOLGADO","data":"01\/02\/2018","imagem":"https:\/\/images.futebolinterior.com.br\/2021\/04\/0002050292013_img-255x300.jpg","resumo":"Em ano de Copa do Mundo, com as competi\u00e7\u00f5es mais enxutas, todos os jogos no in\u00edcio do ano s\u00e3o importantes para ditar os objetivos do restante da temporada"},"420641":{"titulo":"Paulist\u00e3o: S\u00e3o Caetano busca ampliar vantagem hist\u00f3rica sobre o Mirassol no ABC","link":"https:\/\/www.futebolinterior.com.br\/paulistao-sao-caetano-busca-ampliar-vantagem-historica-sobre-o-mirassol-no-abc\/","chapeu":"COM TUDO","data":"01\/02\/2018","imagem":"https:\/\/images.futebolinterior.com.br\/2021\/04\/0002050292009_img-300x182.jpg","resumo":"Na classifica\u00e7\u00e3o geral, o Pequeno Gigante esta na 12\u00aa posi\u00e7\u00e3o e o Mirassol \u00e9 o ultimo colocado e dentro da zona de rebaixamento."},"420647":{"titulo":"Palmeiras empresta lateral-direito Lucas Taylor para rival do Paulist\u00e3o","link":"https:\/\/www.futebolinterior.com.br\/palmeiras-empresta-lateral-direito-lucas-taylor-para-rival-do-paulistao\/","chapeu":"NOVOS ARES!","data":"01\/02\/2018","imagem":"https:\/\/images.futebolinterior.com.br\/2021\/04\/0002050292006_img-300x184.jpg","resumo":"Palmeiras empresta lateral-direito Lucas Taylor para o Botafogo-SP, rival do Paulist\u00e3o"},"420643":{"titulo":"Paulist\u00e3o: Ponte rescinde com Aranha e caso deve parar na Justi\u00e7a","link":"https:\/\/www.futebolinterior.com.br\/paulistao-ponte-rescinde-com-aranha-e-caso-deve-parar-na-justica\/","chapeu":"QUE SITUA\u00c7\u00c3O","data":"01\/02\/2018","imagem":"https:\/\/images.futebolinterior.com.br\/2021\/04\/0002050292007_img-300x169.jpg","resumo":"O goleiro de 37 anos n\u00e3o abriu m\u00e3o dos sal\u00e1rios e benef\u00edcios que teria que receber at\u00e9 2019 e por isso n\u00e3o houve acordo"},"420677":{"titulo":"Copa do Brasil: Dorival aguarda diretoria do S\u00e3o Paulo para relacionar meia-atacante Cueva","link":"https:\/\/www.futebolinterior.com.br\/copa-do-brasil-dorival-aguarda-diretoria-do-sao-paulo-para-relacionar-meia-atacante-cueva\/","chapeu":"VOLTA OU VAZA?","data":"01\/02\/2018","imagem":"https:\/\/images.futebolinterior.com.br\/2021\/04\/0002050291986_img-300x193.jpg","resumo":"O elenco j\u00e1 se prepara para o duelo contra o Botafogo de Ribeir\u00e3o Preto, no pr\u00f3ximo s\u00e1bado, pela 5\u00aa rodada do Campeonato Paulista"},"420671":{"titulo":"Paulist\u00e3o: Joia do Mirassol, Rafael Santos acerta com o Cruzeiro","link":"https:\/\/www.futebolinterior.com.br\/paulistao-joia-do-mirassol-rafael-santos-acerta-com-o-cruzeiro\/","chapeu":"BASE FORTE!","data":"01\/02\/2018","imagem":"https:\/\/images.futebolinterior.com.br\/2021\/04\/0002050291985_img-300x175.jpg","resumo":"O contrato de empr\u00e9stimo do lateral-esquerdo com a Raposa Mineira vai at\u00e9 dezembro de 2019"}}