{"420396":{"titulo":"Paulist\u00e3o: Ponte Preta rescinde com o zagueiro Rodrigo e corre novo risco","link":"https:\/\/www.futebolinterior.com.br\/paulistao-ponte-preta-rescinde-com-o-zagueiro-rodrigo-e-corre-novo-risco\/","chapeu":"FIM DA NOVELA","data":"02\/02\/2018","imagem":"https:\/\/images.futebolinterior.com.br\/2021\/04\/0002050292217_img-300x226.jpg","resumo":"Assim como Aranha, a Ponte Preta rescindiu nesta sexta-feira com o zagueiro Rodrigo, de forma unilateral"},"420409":{"titulo":"Paulist\u00e3o: Em casa, Ituano n\u00e3o vence a Ponte Preta h\u00e1 15 anos","link":"https:\/\/www.futebolinterior.com.br\/paulistao-em-casa-ituano-nao-vence-a-ponte-preta-ha-15-anos\/","chapeu":"RETROSPECTO!","data":"02\/02\/2018","imagem":"https:\/\/images.futebolinterior.com.br\/2021\/04\/0002050292203_img-300x169.jpg","resumo":"Na rodada anterior, o Galo de Itu empatou com o Santos por 1 a 1, enquanto a equipe campineira venceu o S\u00e3o Bento"},"420425":{"titulo":"Paulist\u00e3o: Como mandante, S\u00e3o Bento n\u00e3o perde para o Santo Andr\u00e9 h\u00e1 28 anos","link":"https:\/\/www.futebolinterior.com.br\/paulistao-como-mandante-sao-bento-nao-perde-para-o-santo-andre-ha-28-anos\/","chapeu":"CONFERE!","data":"02\/02\/2018","imagem":"https:\/\/images.futebolinterior.com.br\/2021\/04\/0002050292198_img-300x200.jpg","resumo":"O duelo desta sexta-feira ser\u00e1 o 34\u00ba confronto oficial entre as duas equipes desde 1982"},"420440":{"titulo":"Com Rodrygo e Gabigol, Santos visita o Palmeiras para quebrar invencibilidade","link":"https:\/\/www.futebolinterior.com.br\/com-rodrygo-e-gabigol-santos-visita-o-palmeiras-para-quebrar-invencibilidade\/","chapeu":"PRA CIMA","data":"02\/02\/2018","imagem":"https:\/\/images.futebolinterior.com.br\/2021\/04\/0002050292189_img-300x300.jpg","resumo":"O Campeonato Paulista ter\u00e1 a sua 5\u00aa rodada disputada no final de semana e o grande destaque \u00e9 o cl\u00e1ssico entre Palmeiras e Santos"},"420442":{"titulo":"Paulist\u00e3o: Antes barrado, Cueva \u00e9 liberado e pode voltar a jogar pelo S\u00e3o Paulo","link":"https:\/\/www.futebolinterior.com.br\/paulistao-antes-barrado-cueva-e-liberado-e-pode-voltar-a-jogar-pelo-sao-paulo\/","chapeu":"OLHA QUEM VOLTA","data":"02\/02\/2018","imagem":"https:\/\/images.futebolinterior.com.br\/2021\/04\/0002050292188_img-300x193.jpg","resumo":"O time tem hoje o \u00faltimo dia de treino antes do duelo no Morumbi, marcado para come\u00e7ar \u00e0s 17 horas deste s\u00e1bado, contra o Botafogo-SP"},"420448":{"titulo":"Paulist\u00e3o: Candidato, Citadini diz: 'A diretoria do Corinthians pensa como clube pequeno'","link":"https:\/\/www.futebolinterior.com.br\/paulistao-candidato-citadini-diz-a-diretoria-do-corinthians-pensa-como-clube-pequeno\/","chapeu":"VIXEEEEE","data":"02\/02\/2018","imagem":"https:\/\/images.futebolinterior.com.br\/2021\/04\/0002050292187_img-300x279.jpg","resumo":"Aos 68 anos, revelou \u00e0 reportagem que tentar\u00e1 a elei\u00e7\u00e3o pela \u00faltima vez"},"420444":{"titulo":"Paulist\u00e3o: Regularizado, Nen\u00ea pode ser novidade no S\u00e3o Paulo contra o Botafogo-SP","link":"https:\/\/www.futebolinterior.com.br\/paulistao-regularizado-nene-pode-ser-novidade-no-sao-paulo-contra-o-botafogo-sp\/","chapeu":"ESTREIA","data":"02\/02\/2018","imagem":"https:\/\/images.futebolinterior.com.br\/2021\/04\/0002050292186_img-300x186.jpg","resumo":"O meia Nen\u00ea poder\u00e1 ser a principal novidade do time do S\u00e3o Paulo no jogo deste s\u00e1bado contra o Botafogo, \u00e0s 17 horas, no Morumbi, pela quinta rodada do Campeonato Paulista"},"420446":{"titulo":"Paulist\u00e3o: Roger mant\u00e9m ataque do Palmeiras, mas indica Borja na reserva","link":"https:\/\/www.futebolinterior.com.br\/paulistao-roger-mantem-ataque-do-palmeiras-mas-indica-borja-na-reserva\/","chapeu":"VAI SAIR...","data":"02\/02\/2018","imagem":"https:\/\/images.futebolinterior.com.br\/2021\/04\/0002050292185_img-300x191.jpg","resumo":"Um setor do time do Palmeiras parece imune \u00e0 mudan\u00e7a de ano e \u00e0 troca de treinador"},"420489":{"titulo":"PLACAR AO VIVO: Confira TODOS os resultados dos jogos desta QUINTA!","link":"https:\/\/www.futebolinterior.com.br\/placar-ao-vivo-confira-todos-os-resultados-dos-jogos-desta-quinta\/","chapeu":"O QUE ROLOU?","data":"02\/02\/2018","imagem":"https:\/\/images.futebolinterior.com.br\/2021\/04\/0002050292178_img-300x200.jpg","resumo":"No mata-mata, mais dois clubes avan\u00e7aram na Copa do Brasil; Brigando por vaga na fase de grupos, a bola tamb\u00e9m rolou na Libertadores"},"420511":{"titulo":"Paulist\u00e3o: PC Oliveira admite in\u00edcio ruim da Ferrovi\u00e1ria: \"n\u00e3o era o que esper\u00e1vamos\"","link":"https:\/\/www.futebolinterior.com.br\/paulistao-pc-oliveira-admite-inicio-ruim-da-ferroviaria-nao-era-o-que-esperavamos\/","chapeu":"T\u00c1 DEVENDO","data":"01\/02\/2018","imagem":"https:\/\/images.futebolinterior.com.br\/2021\/04\/0002050292112_img-300x200.jpg","resumo":"Insatisfeito com o rendimento do time, o comandante deve realizar mudan\u00e7as entre os titulares"}}