{"683613":{"titulo":"Paulist\u00e3o: Ponte Preta confirma sa\u00edda de Douglas Tanque, Daniel Borges e mais cinco","link":"https:\/\/www.futebolinterior.com.br\/paulistao-ponte-preta-confirma-saida-de-douglas-tanque-daniel-borges-e-mais-cinco\/","chapeu":"PRIMEIRA BARCA!","data":"02\/12\/2014","imagem":"https:\/\/images.futebolinterior.com.br\/2021\/04\/0002050046897_img-300x189.jpg","resumo":"Ponte Preta anunciou as sa\u00eddas do lateral Daniel Borges, do zagueiro Luan, do meia Rodolfo e dos atacantes Anderson Bartola, Nathan, Miguel e Douglas Tanque."},"683615":{"titulo":"Rio Claro anuncia \u2018pacot\u00e3o\u2019 de seis refor\u00e7os para o Paulist\u00e3o","link":"https:\/\/www.futebolinterior.com.br\/rio-claro-anuncia-pacotao-de-seis-reforcos-para-o-paulistao\/","chapeu":"PLANEJAMENTO","data":"02\/12\/2014","imagem":"https:\/\/images.futebolinterior.com.br\/2021\/04\/0002050046898_img-300x172.jpg","resumo":"Al\u00e9m deles, outro que deve assinar contrato \u00e9 o lateral-direito Carlinhos"},"683621":{"titulo":"Paulist\u00e3o: XV de Piracicaba apresenta \u00c9der Sciola, ex-Flu e S\u00e3o Paulo, como o quinto refor\u00e7o","link":"https:\/\/www.futebolinterior.com.br\/paulistao-xv-de-piracicaba-apresenta-eder-sciola-ex-flu-e-sao-paulo-como-o-quinto-reforco\/","chapeu":"MAIS UM!","data":"02\/12\/2014","imagem":"https:\/\/images.futebolinterior.com.br\/2021\/04\/0002050046895_img-300x169.jpg","resumo":" Saindo na frente, como j\u00e1 fez em anos anteriores, o XV de Piracicaba anunciou o seu quinto contratado para a disputa do Campeonato Paulista de 2015 "},"683627":{"titulo":"Paulist\u00e3o: Mostrando humildade, Penapolense diz que o foco \u00e9 n\u00e3o cair","link":"https:\/\/www.futebolinterior.com.br\/paulistao-mostrando-humildade-penapolense-diz-que-o-foco-e-nao-cair\/","chapeu":"HUMILDE","data":"02\/12\/2014","imagem":"https:\/\/images.futebolinterior.com.br\/2021\/04\/0002050046891_img-300x200.jpg","resumo":" O t\u00e9cnico do Penapolense, Narciso, destacou na manh\u00e3 desta segunda-feira, durante a apresenta\u00e7\u00e3o do elenco para a temporada de 2015"},"683629":{"titulo":"Palmeiras vive \u00e0 sombra do pior pesadelo","link":"https:\/\/www.futebolinterior.com.br\/palmeiras-vive-a-sombra-do-pior-pesadelo\/","chapeu":"Al\u00e9m das Linhas","data":"02\/12\/2014","imagem":"https:\/\/images.futebolinterior.com.br\/2021\/04\/0002050046889_img-300x191.jpg","resumo":"Nada mais interessa no Campeonato Brasileiro. Definido o campe\u00e3o e os times que jogar\u00e3o a Libertadores da Am\u00e9rica, resta agora saber se o sofrido e sofr\u00edvel Palmeiras"},"683632":{"titulo":"Paulist\u00e3o: Botafogo confirma retorno de C\u00e9sar Ga\u00facho, que jogou a S\u00e9rie B pelo Oeste","link":"https:\/\/www.futebolinterior.com.br\/paulistao-botafogo-confirma-retorno-de-cesar-gaucho-que-jogou-a-serie-b-pelo-oeste\/","chapeu":"DE VOLTA","data":"02\/12\/2014","imagem":"https:\/\/images.futebolinterior.com.br\/2021\/04\/0002050046888_img-300x189.jpg","resumo":"Terminada a Copa Paulista no \u00faltimo domingo, o Botafogo agora se fecha para o planejamento para a temporada de 2015"},"683639":{"titulo":"Paulo Garcia confirma oposi\u00e7\u00e3o e critica gest\u00e3o de M\u00e1rio Gobbi","link":"https:\/\/www.futebolinterior.com.br\/paulo-garcia-confirma-oposicao-e-critica-gestao-de-mario-gobbi\/","chapeu":"AFIADO! ","data":"02\/12\/2014","imagem":"https:\/\/images.futebolinterior.com.br\/2021\/04\/0002050046885_img-300x195.jpg","resumo":"No lan\u00e7amento da candidatura, realizado no Pacaembu, o empres\u00e1rio criticou o atual presidente e disse que o Corinthians vive de promessas."},"683658":{"titulo":"Depois de perder de gra\u00e7a, Corinthians pode acertar retorno do zagueiro Cl\u00e9ber","link":"https:\/\/www.futebolinterior.com.br\/depois-de-perder-de-graca-corinthians-pode-acertar-retorno-do-zagueiro-cleber\/","chapeu":"QUEM DIRIA!","data":"02\/12\/2014","imagem":"https:\/\/images.futebolinterior.com.br\/2021\/04\/0002050046872_img-300x159.jpg","resumo":"Poucas transfer\u00eancias foram t\u00e3o pol\u00eamicas como a do zagueiro Cl\u00e9ber, que neste ano deixou a titularidade do Corinthians para ser reserva no Hamburgo"},"683677":{"titulo":"Amigo afirma que Corinthians j\u00e1 tem contrato para retorno de Cristian","link":"https:\/\/www.futebolinterior.com.br\/amigo-afirma-que-corinthians-ja-tem-contrato-para-retorno-de-cristian\/","chapeu":"J\u00c1 FECHOU?","data":"02\/12\/2014","imagem":"https:\/\/images.futebolinterior.com.br\/2021\/04\/0002050046816_img-300x180.jpg","resumo":" O Corinthians nunca esteve t\u00e3o perto de anunciar a contrata\u00e7\u00e3o do volante Cristian. Depois de falhar nas negocia\u00e7\u00f5es pelo retorno de Paulinho"},"683683":{"titulo":"Ap\u00f3s instalar \"ditadura\", Rivaldo coloca Mogi Mirim \u00e0 venda na internet","link":"https:\/\/www.futebolinterior.com.br\/apos-instalar-ditadura-rivaldo-coloca-mogi-mirim-a-venda-na-internet\/","chapeu":"LARGOU O OSSO?","data":"02\/12\/2014","imagem":"https:\/\/images.futebolinterior.com.br\/2021\/04\/0002050046814_img-300x200.jpg","resumo":"Ap\u00f3s seis anos, o pentacampe\u00e3o Rivaldo decidiu vender o Mogi Mirim. Nesta ter\u00e7a-feira, ele anunciou a venda no site oficial do clube e tamb\u00e9m na sua conta pessoal no Instagram."}}