{"683476":{"titulo":"Corinthians e S\u00e3o Paulo disputam Paulinho, do Tottenham, diz jornal ingl\u00eas","link":"https:\/\/www.futebolinterior.com.br\/corinthians-e-sao-paulo-disputam-paulinho-do-tottenham-diz-jornal-ingles\/","chapeu":"MUITA RIVALIDADE!","data":"03\/12\/2014","imagem":"https:\/\/images.futebolinterior.com.br\/2021\/04\/0002050046992_img-300x267.jpg","resumo":"Segundo o jornal ingl\u00eas Daily Mirror, Corinthians e S\u00e3o Paulo t\u00eam interesse na contrata\u00e7\u00e3o de Paulinho, do Tottenham-ING"},"683484":{"titulo":"\"Argentino decep\u00e7\u00e3o\", Mouche pode trocar Palmeiras pelo San Lorenzo","link":"https:\/\/www.futebolinterior.com.br\/argentino-decepcao-mouche-pode-trocar-palmeiras-pelo-san-lorenzo\/","chapeu":"VAI TARDE?","data":"03\/12\/2014","imagem":"https:\/\/images.futebolinterior.com.br\/2021\/04\/0002050046991_img-300x204.jpg","resumo":"Prestes a disputar o Mundial de Clubes depois de se sagrar campe\u00e3o da Copa Libertadores, o San Lorenzo-ARG, busca refor\u00e7os de \u00faltima hora e pode ao Brasil."},"683486":{"titulo":"Famoso por revelar, Santos deve dispensar at\u00e9 12 crias da categoria de base","link":"https:\/\/www.futebolinterior.com.br\/famoso-por-revelar-santos-deve-dispensar-ate-12-crias-da-categoria-de-base\/","chapeu":"LIMPA DE MENINOS DA VILA","data":"03\/12\/2014","imagem":"https:\/\/images.futebolinterior.com.br\/2021\/04\/0002050046989_img-300x189.jpg","resumo":" Desde o surgimento de Neymar e Ganso, o Santos n\u00e3o conseguiu mais manter a sua fama de bom revelador de craques. "},"683490":{"titulo":"Novo boletim m\u00e9dico confirma boa recupera\u00e7\u00e3o de Pel\u00e9","link":"https:\/\/www.futebolinterior.com.br\/novo-boletim-medico-confirma-boa-recuperacao-de-pele\/","chapeu":"MELHORANDO!","data":"03\/12\/2014","imagem":"https:\/\/images.futebolinterior.com.br\/2021\/04\/0002050046990_img-300x170.jpg","resumo":"Pel\u00e9 mant\u00e9m sua boa recupera\u00e7\u00e3o cl\u00ednica de acordo com o boletim m\u00e9dico divulgado na manh\u00e3 desta quarta-feira. O Rei do Futebol segue internado na unidade semi-intensiva"},"683511":{"titulo":"Luto: Morre ex-zagueiro da Ponte Preta vice-campe\u00e3 em 77","link":"https:\/\/www.futebolinterior.com.br\/luto-morre-ex-zagueiro-da-ponte-preta-vice-campea-em-77\/","chapeu":"LUTO!","data":"03\/12\/2014","imagem":"https:\/\/images.futebolinterior.com.br\/2021\/04\/0002050047039_img-300x153.jpg","resumo":"Morreu na manh\u00e3 desta ter\u00e7a-feira o ex-zagueiro da Ponte Preta, Eug\u00eanio, v\u00edtima de c\u00e2ncer no f\u00edgado e no pulm\u00e3o. O ex-jogador de futebol tinha 63 anos e fez parte"},"683522":{"titulo":"T\u00e9cnico se despede do XV de Piracicaba em carta aberta ao torcedor","link":"https:\/\/www.futebolinterior.com.br\/tecnico-se-despede-do-xv-de-piracicaba-em-carta-aberta-ao-torcedor\/","chapeu":"FIM DE CICLO","data":"03\/12\/2014","imagem":"https:\/\/images.futebolinterior.com.br\/2021\/04\/0002050046968_img-300x141.jpg","resumo":"Cl\u00e9ber Ga\u00facho n\u00e3o dirige mais o XV de Piracicaba. Depois de quase tr\u00eas anos comandando o Nho Quim, o treinador se desligou na tarde de ter\u00e7a e deixou uma carta de agradecimento"},"683542":{"titulo":"EXCLUSIVO! T\u00e9cnico campe\u00e3o da Copa Paulista renova com o Santo Andr\u00e9","link":"https:\/\/www.futebolinterior.com.br\/exclusivo-tecnico-campeao-da-copa-paulista-renova-com-o-santo-andre\/","chapeu":"ELE FICA!","data":"02\/12\/2014","imagem":"https:\/\/images.futebolinterior.com.br\/2021\/04\/0002050046944_img.jpg","resumo":"O Santo Andr\u00e9 j\u00e1 sabe quem ser\u00e1 seu comandante em 2015. O t\u00e9cnico Ivan Izzo campe\u00e3o da Copa Paulista com o Ramalh\u00e3o no \u00faltimo domingo, renovou com o clube do ABC"},"683576":{"titulo":"Paulist\u00e3o: Campe\u00f5es da S\u00e9rie C com Maca\u00e9, Douglas Assis e Felipe, podem dar \u201cbal\u00e3o\u201d no S\u00e3o Bento","link":"https:\/\/www.futebolinterior.com.br\/paulistao-campeoes-da-serie-c-com-macae-douglas-assis-e-felipe-podem-dar-balao-no-sao-bento\/","chapeu":"VAI \u00c0 FIFA!","data":"02\/12\/2014","imagem":"https:\/\/images.futebolinterior.com.br\/2021\/04\/0002050046920_img-300x169.jpg","resumo":"Os jogadores assinaram um pr\u00e9-contrato com o clube, mas garantiram que n\u00e3o ir\u00e3o se apresentar"},"683597":{"titulo":"Apontado como refor\u00e7o, Rafael Santos n\u00e3o acerta com o Guarani e deve seguir na Lusa","link":"https:\/\/www.futebolinterior.com.br\/apontado-como-reforco-rafael-santos-nao-acerta-com-o-guarani-e-deve-seguir-na-lusa\/","chapeu":"DE NOVO!","data":"02\/12\/2014","imagem":"https:\/\/images.futebolinterior.com.br\/2021\/04\/0002050046909_img-300x172.jpg","resumo":"o t\u00e9cnico Marcelo Veiga para a diretoria do Guarani, o goleiro Rafael Santos n\u00e3o vir\u00e1 mais para ser um novo refor\u00e7o do time de Campinas para o Campeonato Paulista da S\u00e9rie A2."},"683606":{"titulo":"Destaque da Copa Paulista, Jo\u00e3o Francisco elogia planejamento e contrata\u00e7\u00f5es do S\u00e3o Bernardo","link":"https:\/\/www.futebolinterior.com.br\/destaque-da-copa-paulista-joao-francisco-elogia-planejamento-e-contratacoes-do-sao-bernardo\/","chapeu":"VAI COM TUDO","data":"02\/12\/2014","imagem":"https:\/\/images.futebolinterior.com.br\/2021\/04\/0002050046904_img-300x200.jpg","resumo":"O Bern\u00f4 repete o planejamento de anos anteriores e faz contrata\u00e7\u00f5es precisas para a disputa do Paulist\u00e3o"}}