{"683693":{"titulo":"Sem hemodi\u00e1lise, Pel\u00e9 deixa UTI e caminha pelo quarto","link":"https:\/\/www.futebolinterior.com.br\/sem-hemodialise-pele-deixa-uti-e-caminha-pelo-quarto\/","chapeu":"TO MELHOR, ENTENDE?","data":"02\/12\/2014","imagem":"https:\/\/images.futebolinterior.com.br\/2021\/04\/0002050046806_img-300x225.jpg","resumo":"Pel\u00e9 segue mostrando bons sinais de melhora. De acordo com boletim m\u00e9dico divulgado na manh\u00e3 desta ter\u00e7a-feira, o Rei do Futebol deixou a Unidade de Terapia Intensiva"},"683722":{"titulo":"Ponte Preta pode perder dez mandos e ver presidente M\u00e1rcio Della Volpe pegar gancho pesado nesta semana","link":"https:\/\/www.futebolinterior.com.br\/ponte-preta-pode-perder-dez-mandos-e-ver-presidente-marcio-della-volpe-pegar-gancho-pesado-nesta-semana\/","chapeu":"BANCO DOS R\u00c9US!","data":"01\/12\/2014","imagem":"https:\/\/images.futebolinterior.com.br\/2021\/04\/0002050046760_img-300x169.jpg","resumo":"A Ponte Preta ter\u00e1 dois julgamentos no Superior Tribunal da Justi\u00e7a Desportiva (STJD), nestas ter\u00e7a e quarta-feira, que podem puni-la com mais de dez perdas de mando."},"683724":{"titulo":"Paulist\u00e3o: S\u00e3o Bento anuncia a contrata\u00e7\u00e3o dos meio campistas Danilo Alves e \u00c9der","link":"https:\/\/www.futebolinterior.com.br\/paulistao-sao-bento-anuncia-a-contratacao-dos-meio-campistas-danilo-alves-e-eder\/","chapeu":"CHEGANDO..","data":"01\/12\/2014","imagem":"https:\/\/images.futebolinterior.com.br\/2021\/04\/0002050046759_img.jpg","resumo":"Com o intuito de montar um time competitivo para disputar o Paulist\u00e3o em alto n\u00edvel, o S\u00e3o Bento segue se refor\u00e7ando."},"683765":{"titulo":"S\u00e3o Paulo troca Penalty por Under Armour, patrocinadora de Gisele B\u00fcndchen e Michael Phelps","link":"https:\/\/www.futebolinterior.com.br\/sao-paulo-troca-penalty-por-under-armour-patrocinadora-de-gisele-bundchen-e-michael-phelps\/","chapeu":"FASHION WEEK!","data":"01\/12\/2014","imagem":"https:\/\/images.futebolinterior.com.br\/2021\/04\/0002050046736_img-300x188.jpg","resumo":"O tiroteio entre S\u00e3o Paulo e Penalty colocaram um fim \u00e0 parceria entre as empresas. A partir de abril de 2015, a Under Armour ser\u00e1 a respons\u00e1vel pelos uniformes do Tricolor."},"683752":{"titulo":"Exclusivo! Ponte Preta faz proposta por Lucas Gomes, atacante que disputou S\u00e9rie B pelo Icasa","link":"https:\/\/www.futebolinterior.com.br\/exclusivo-ponte-preta-faz-proposta-por-lucas-gomes-atacante-que-disputou-serie-b-pelo-icasa\/","chapeu":"EST\u00c1 PERTO!","data":"01\/12\/2014","imagem":"https:\/\/images.futebolinterior.com.br\/2021\/04\/0002050046734_img-300x225.jpg","resumo":"A Macaca est\u00e1 definindo os \u00faltimos detalhes sobre os valores salarias para fechar com o atacante"},"683797":{"titulo":"Ap\u00f3s vice-campeonato, Ponte Preta sonda Pablo, zagueiro do Ava\u00ed","link":"https:\/\/www.futebolinterior.com.br\/apos-vice-campeonato-ponte-preta-sonda-pablo-zagueiro-do-avai\/","chapeu":"INTERESSE","data":"01\/12\/2014","imagem":"https:\/\/images.futebolinterior.com.br\/2021\/04\/0002050046712_img-300x225.jpg","resumo":"Os dirigentes est\u00e3o tendo cautela na negocia\u00e7\u00e3o, isso porque o Palmeiras tamb\u00e9m aparece como um poss\u00edvel destino do jogador"},"683802":{"titulo":"Paulist\u00e3o: S\u00e3o Bento acerta com goleiro Alex Alves, ex-Santa Cruz e Mogi Mirim","link":"https:\/\/www.futebolinterior.com.br\/paulistao-sao-bento-acerta-com-goleiro-alex-alves-ex-santa-cruz-e-mogi-mirim\/","chapeu":"FECHADO!","data":"01\/12\/2014","imagem":"https:\/\/images.futebolinterior.com.br\/2021\/04\/0002050046708_img-300x225.jpg","resumo":"O jogador ficou marcado na hist\u00f3ria do Sapo ao conquistar o acesso \u00e0 S\u00e9rie C em 2012"},"683823":{"titulo":"FPF enfim divulga tabela completa do Paulist\u00e3o Chevrolet","link":"https:\/\/www.futebolinterior.com.br\/fpf-enfim-divulga-tabela-completa-do-paulistao-chevrolet\/","chapeu":"UFA!","data":"01\/12\/2014","imagem":"https:\/\/images.futebolinterior.com.br\/2021\/04\/0002050046694_img-300x198.jpg","resumo":"Apesar de confirmar os confrontos, a entidade n\u00e3o definiu datas e hor\u00e1rios. Estadual come\u00e7a em 1.\u00ba de fevereiro"},"683858":{"titulo":"L\u00f6w, Ancelotti e Simeone concorrem a t\u00e9cnico do ano da FIFA","link":"https:\/\/www.futebolinterior.com.br\/low-ancelotti-e-simeone-concorrem-a-tecnico-do-ano-da-fifa\/","chapeu":"PROFESSOR","data":"01\/12\/2014","imagem":"https:\/\/images.futebolinterior.com.br\/2021\/04\/0002050046651_img-300x162.jpg","resumo":"Low, Ancelotti e Simeone s\u00e3o os tr\u00eas finalistas a t\u00e9cnico do ano FIFA. A cerim\u00f4nia ocorrer\u00e1 em conjunto com a premia\u00e7\u00e3o dos jogadores no dia 12 de janeiro em Zurique, na Sui\u00e7a."},"683830":{"titulo":"Paulist\u00e3o: Red Bull fecha com Gabriel Leite, ex-goleiro do Luverdense","link":"https:\/\/www.futebolinterior.com.br\/paulistao-red-bull-fecha-com-gabriel-leite-ex-goleiro-do-luverdense\/","chapeu":"BOM REFOR\u00c7O!","data":"01\/12\/2014","imagem":"https:\/\/images.futebolinterior.com.br\/2021\/04\/0002050046686_img-300x169.jpg","resumo":"Apresentado nesta segunda-feira, arqueiro chega para refor\u00e7ar o setor que j\u00e1 conta com Juninho e Kewin"}}