{"683371":{"titulo":"Paulist\u00e3o: XV de Piracicaba apresenta os meias Tony e Paulinho","link":"https:\/\/www.futebolinterior.com.br\/paulistao-xv-de-piracicaba-apresenta-os-meias-tony-e-paulinho\/","chapeu":"CHEGARAM","data":"03\/12\/2014","imagem":"https:\/\/images.futebolinterior.com.br\/2021\/04\/0002050047078_img-300x199.jpg","resumo":"O XV de Piracicaba apresentou oficialmente, na tarde desta quarta-feira, na sala de coletivas de imprensa do clube, os meio campistas Tony e Paulinho, primeiros refor\u00e7os do time."},"683374":{"titulo":"Paulist\u00e3o: Sem acordo, goleiro Roberto deixa o elenco da Ponte Preta","link":"https:\/\/www.futebolinterior.com.br\/paulistao-sem-acordo-goleiro-roberto-deixa-o-elenco-da-ponte-preta\/","chapeu":"ADEUS","data":"03\/12\/2014","imagem":"https:\/\/images.futebolinterior.com.br\/2021\/04\/0002050047074_img-300x153.jpg","resumo":"Chega ao fim uma parceira de muito sucesso. Ap\u00f3s dois anos e meio de clube, o contrato entre o goleiro Roberto com a Ponte Preta se encerra"},"683379":{"titulo":"Paulist\u00e3o: Depois de pedir para enfrentar \"grande\", Ituano reclama de jogo de estreia","link":"https:\/\/www.futebolinterior.com.br\/paulistao-depois-de-pedir-para-enfrentar-grande-ituano-reclama-de-jogo-de-estreia\/","chapeu":"RECLAM\u00c3O","data":"03\/12\/2014","imagem":"https:\/\/images.futebolinterior.com.br\/2021\/04\/0002050047071_img-300x200.jpg","resumo":"A Federa\u00e7\u00e3o Paulista de Futebol divulgou nesta semana a tabela do Campeonato Paulista 2015. Como era previsto, o Ituano far\u00e1 oito jogos no est\u00e1dio Novelli J\u00fanior."},"683386":{"titulo":"Paulist\u00e3o: Capivariano aperta o cerco para contar com volante Amaral","link":"https:\/\/www.futebolinterior.com.br\/paulistao-capivariano-aperta-o-cerco-para-contar-com-volante-amaral\/","chapeu":"VEM OU N\u00c3O?","data":"03\/12\/2014","imagem":"https:\/\/images.futebolinterior.com.br\/2021\/04\/0002050047066_img-300x146.jpg","resumo":"Clube que nunca disputou o Campeonato Paulista, o Capivariano entra na disputa de 2015 como uma verdadeira inc\u00f3gnita. "},"683397":{"titulo":"Paulist\u00e3o: \u00cddolo, Z\u00e9 Forte d\u00e1 adeus ao S\u00e3o Bernardo por falta de espa\u00e7o","link":"https:\/\/www.futebolinterior.com.br\/paulistao-idolo-ze-forte-da-adeus-ao-sao-bernardo-por-falta-de-espaco\/","chapeu":"ACABOU","data":"03\/12\/2014","imagem":"https:\/\/images.futebolinterior.com.br\/2021\/04\/0002050047059_img-300x225.jpg","resumo":"\u00cddolo da torcida do S\u00e3o Bernardo Futebol Clube e desde 2007 defendendo o Tigre do ABC, o volante Z\u00e9 Forte n\u00e3o faz mais parte do elenco"},"683399":{"titulo":"Paulist\u00e3o: S\u00e3o Bento enfrentar\u00e1 apenas o Palmeiras, dos \"Grandes\", em Sorocaba","link":"https:\/\/www.futebolinterior.com.br\/paulistao-sao-bento-enfrentara-apenas-o-palmeiras-dos-grandes-em-sorocaba\/","chapeu":"\u00c9 POUCO","data":"03\/12\/2014","imagem":"https:\/\/images.futebolinterior.com.br\/2021\/04\/0002050047056_img-300x169.jpg","resumo":"Depois de 8 anos, o S\u00e3o Bento volta a fazer parte do grupo de elite do Campeonato Paulista e, em 2015, o Azul\u00e3o sorocabano ir\u00e1 recepcionar apenas um"},"683409":{"titulo":"Paulist\u00e3o: J\u00e1 treinando, t\u00e9cnico do XV de Piracicaba se preocupa com tabela","link":"https:\/\/www.futebolinterior.com.br\/paulistao-ja-treinando-tecnico-do-xv-de-piracicaba-se-preocupa-com-tabela\/","chapeu":"PREOCUPA\u00c7\u00c3O","data":"03\/12\/2014","imagem":"https:\/\/images.futebolinterior.com.br\/2021\/04\/0002050047048_img-300x240.jpg","resumo":"Na tarde desta ter\u00e7a-feira, Roque J\u00fanior iniciou oficialmente sua carreira de treinador. O ex-zagueiro, pentacampe\u00e3o mundial com a Sele\u00e7\u00e3o Brasileira."},"683425":{"titulo":"Paulist\u00e3o: Penapolense contrata Arnaldo, ex-lateral da Portuguesa","link":"https:\/\/www.futebolinterior.com.br\/paulistao-penapolense-contrata-arnaldo-ex-lateral-da-portuguesa\/","chapeu":"CONTRATA\u00c7\u00c3O","data":"03\/12\/2014","imagem":"https:\/\/images.futebolinterior.com.br\/2021\/04\/0002050047040_img-300x244.jpg","resumo":" Clube que j\u00e1 vem de duas \u00f3timas campanhas nas duas \u00faltimas temporadas, o Penapolense d\u00e1 mostra que ir\u00e1 incomodar mais uma vez na disputa do "},"683440":{"titulo":"Investigado pelo MP, Manuel da Lupa roga praga na Portuguesa: \"vai para a S\u00e9rie D do Brasileiro\"","link":"https:\/\/www.futebolinterior.com.br\/investigado-pelo-mp-manuel-da-lupa-roga-praga-na-portuguesa-vai-para-a-serie-d-do-brasileiro\/","chapeu":"SOLTANDO O VERBO!","data":"03\/12\/2014","imagem":"https:\/\/images.futebolinterior.com.br\/2021\/04\/0002050047022_img-294x300.jpg","resumo":" Investigado pelo Minist\u00e9rio P\u00fablico por irregularidades e desvio de dinheiro na \u00e9poca em que foi presidente da Portuguesa"},"683452":{"titulo":"Fim de Della Volpe! Carnielli indica Vanderlei Pereira para ser o novo presidente da Ponte Preta","link":"https:\/\/www.futebolinterior.com.br\/fim-de-della-volpe-carnielli-indica-vanderlei-pereira-para-ser-o-novo-presidente-da-ponte-preta\/","chapeu":"ELE DECIDIU!","data":"03\/12\/2014","imagem":"https:\/\/images.futebolinterior.com.br\/2021\/04\/0002050047013_img-300x165.jpg","resumo":"S\u00e9rgio Carnielli passou a ter Vanderlei Pereira como seu \"homem de confian\u00e7a\" ap\u00f3s desentendimento com M\u00e1rcio Della Volpe no ano passado"}}