{"683187":{"titulo":"Paulist\u00e3o: S\u00e3o Bento contrata Renan, ex-S\u00e3o Paulo e Guarani","link":"https:\/\/www.futebolinterior.com.br\/paulistao-sao-bento-contrata-renan-ex-sao-paulo-e-guarani\/","chapeu":"REFOR\u00c7O DE PESO","data":"04\/12\/2014","imagem":"https:\/\/images.futebolinterior.com.br\/2021\/04\/0002050047219_img-225x300.jpg","resumo":" Praticamente com o elenco fechado para a disputa do Campeonato Paulista de 2015, o S\u00e3o Bento apresentou , na manh\u00e3 desta quinta-feira"},"683197":{"titulo":"Santos mira goleiro Renan e Jackson, do Goi\u00e1s, e atacante Leandro, da Chape","link":"https:\/\/www.futebolinterior.com.br\/santos-mira-goleiro-renan-e-jackson-do-goias-e-atacante-leandro-da-chape\/","chapeu":"PODEM CHEGAR!","data":"04\/12\/2014","imagem":"https:\/\/images.futebolinterior.com.br\/2021\/04\/0002050047212_img-300x178.jpg","resumo":"Sem ter conquistado nenhum t\u00edtulo nesta temporada, o Santos come\u00e7a a planejar a pr\u00f3xima temporada, visando montar um time mais forte que o deste ano. "},"683231":{"titulo":"Ituano, Paysandu e Fortaleza disputam zagueiro Alem\u00e3o, campe\u00e3o Paulista","link":"https:\/\/www.futebolinterior.com.br\/ituano-paysandu-e-fortaleza-disputam-zagueiro-alemao-campeao-paulista\/","chapeu":"VALORIZADO","data":"04\/12\/2014","imagem":"https:\/\/images.futebolinterior.com.br\/2021\/04\/0002050047181_img-300x225.jpg","resumo":"Apesar do interesse, o jogador se reunir\u00e1 com o Santa Cruz para discutir a renova\u00e7\u00e3o"},"683257":{"titulo":"Bragantino fecha o ano na S\u00e9rie B e promete mudan\u00e7as radicais para 2015","link":"https:\/\/www.futebolinterior.com.br\/bragantino-fecha-o-ano-na-serie-b-e-promete-mudancas-radicais-para-2015\/","chapeu":"VAI MUDAR TUDO","data":"04\/12\/2014","imagem":"https:\/\/images.futebolinterior.com.br\/2021\/04\/0002050047169_img-300x141.jpg","resumo":"O Bragantino termina o ano de 2014 no saldo positivo, mas passou maus bocados para seguir desta forma. No Paulist\u00e3o s\u00f3 fez boa campanha na primeira fase da competi\u00e7\u00e3o."},"683282":{"titulo":"Guerrero deixa defini\u00e7\u00e3o da renova\u00e7\u00e3o nas m\u00e3os do Corinthians","link":"https:\/\/www.futebolinterior.com.br\/guerrero-deixa-definicao-da-renovacao-nas-maos-do-corinthians\/","chapeu":"VAI OU FICA?","data":"04\/12\/2014","imagem":"https:\/\/images.futebolinterior.com.br\/2021\/04\/0002050047163_img-300x228.jpg","resumo":"Paolo Guerrero est\u00e1 negociando mais um contrato milion\u00e1rio, para permanecer por mais tr\u00eas temporadas no clube onde \u00e9 \u00eddolo"},"683261":{"titulo":"Santos entra na briga com o Corinthians pelo atacante Leandro, da Chapecoense","link":"https:\/\/www.futebolinterior.com.br\/santos-entra-na-briga-com-o-corinthians-pelo-atacante-leandro-da-chapecoense\/","chapeu":"QUEM LEVA?","data":"04\/12\/2014","imagem":"https:\/\/images.futebolinterior.com.br\/2021\/04\/0002050047162_img-300x200.jpg","resumo":"Um dos primeiros nomes na lista de poss\u00edveis refor\u00e7os do Corinthians para a pr\u00f3xima temporada, o atacante da Chapecoense, Leandro"},"683435":{"titulo":"Paulist\u00e3o: Valorizado, Doriva est\u00e1 muito perto de assumir Botafogo","link":"https:\/\/www.futebolinterior.com.br\/paulistao-valorizado-doriva-esta-muito-perto-de-assumir-botafogo\/","chapeu":"SER\u00c1 QUE VAI?","data":"03\/12\/2014","imagem":"https:\/\/images.futebolinterior.com.br\/2021\/04\/0002050047031_img-300x210.jpg","resumo":"Doriva teve seu nome especulado no Remo e no Santa Cruz para 2015"},"683299":{"titulo":"STJD absolve Ponte por confus\u00e3o contra Am\u00e9rica-RN, mas presidente leva gancho","link":"https:\/\/www.futebolinterior.com.br\/stjd-absolve-ponte-por-confusao-contra-america-rn-mas-presidente-leva-gancho\/","chapeu":"UFA!","data":"03\/12\/2014","imagem":"https:\/\/images.futebolinterior.com.br\/2021\/04\/0002050047136_img-300x210.jpg","resumo":"Marcio Della Volpe ter\u00e1 que cumprir 30 dias de suspens\u00e3o por fazer acusa\u00e7\u00f5es pesadas contra o \u00e1rbitro da partida"},"683336":{"titulo":"Ap\u00f3s \u201cbal\u00e3o\u201d de Zel\u00e3o, Guarani pode perder Nunes para XV de Piracicaba","link":"https:\/\/www.futebolinterior.com.br\/apos-balao-de-zelao-guarani-pode-perder-nunes-para-xv-de-piracicaba\/","chapeu":"MAIS UM?","data":"03\/12\/2014","imagem":"https:\/\/images.futebolinterior.com.br\/2021\/04\/0002050047098_img-300x194.jpg","resumo":"O jogador vinha negociando com a diretoria bugrina, mas avan\u00e7ou nas conversas com Nh\u00f4 Quim"},"683359":{"titulo":"Ponte Preta \"brinca\" de montar time e negocia com F\u00e1bio Santos, ex-Oeste e Ava\u00ed","link":"https:\/\/www.futebolinterior.com.br\/ponte-preta-brinca-de-montar-time-e-negocia-com-fabio-santos-ex-oeste-e-avai\/","chapeu":"T\u00c1 BRINCANDO?","data":"03\/12\/2014","imagem":"https:\/\/images.futebolinterior.com.br\/2021\/04\/0002050047083_img-292x300.jpg","resumo":"A diretoria da Ponte Preta parece mais uma vez estar \u201cbrincando\u201d de montar time para a elite do Campeonato Brasileiro de 2015."}}