{"682521":{"titulo":"Paulist\u00e3o: Ponte Preta fica pr\u00f3xima de contratar volante Paulinho, do N\u00e1utico","link":"https:\/\/www.futebolinterior.com.br\/paulistao-ponte-preta-fica-proxima-de-contratar-volante-paulinho-do-nautico\/","chapeu":"MAIS UM VOLANTE?","data":"08\/12\/2014","imagem":"https:\/\/images.futebolinterior.com.br\/2021\/04\/0002050048099_img-300x169.jpg","resumo":"Depois do goleiro Mateus, contratado junto ao Bragantino, a Ponte Preta est\u00e1 muito pr\u00f3xima de acertar a sua segunda contrata\u00e7\u00e3o para o elenco de 2015"},"682531":{"titulo":"Paulist\u00e3o: Mogi Mirim oficializa retorno de Magr\u00e3o","link":"https:\/\/www.futebolinterior.com.br\/paulistao-mogi-mirim-oficializa-retorno-de-magrao\/","chapeu":"DE VOLTA","data":"08\/12\/2014","imagem":"https:\/\/images.futebolinterior.com.br\/2021\/04\/0002050048093_img-300x170.jpg","resumo":"Depois de confirmar a contrata\u00e7\u00e3o do meia \u00c9lvis, ex-Salgueiro do goleiro Daniel, ex-Ponte Preta, o Mogi Mirim anunciou a sua terceira contrata\u00e7\u00e3o "},"682575":{"titulo":"Ap\u00f3s vexame, plano do Palmeiras ser\u00e1 se refor\u00e7ar com nomes de peso","link":"https:\/\/www.futebolinterior.com.br\/apos-vexame-plano-do-palmeiras-sera-se-reforcar-com-nomes-de-peso\/","chapeu":"MUDAN\u00c7A DE POL\u00cdTICA?","data":"08\/12\/2014","imagem":"https:\/\/images.futebolinterior.com.br\/2021\/04\/0002050048072_img-300x203.jpg","resumo":"Alguns jogadores do Palmeiras sabem que se despediram neste domingo do clube. Um elenco inchado e com muitos jogadores limitados"},"682611":{"titulo":"S\u00e3o Paulo acerta com lateral Carlinhos, do Fluminense, para 2015","link":"https:\/\/www.futebolinterior.com.br\/sao-paulo-acerta-com-lateral-carlinhos-do-fluminense-para-2015\/","chapeu":"ACERTO INESPERADO!","data":"07\/12\/2014","imagem":"https:\/\/images.futebolinterior.com.br\/2021\/04\/0002050047927_img-300x169.jpg","resumo":"S\u00e3o Paulo acertou a contrata\u00e7\u00e3o do lateral-esquerdo Carlinhos, que defendeu o Fluminense nos \u00faltimos anos. O jogador assinou por tr\u00eas temporadas."},"682623":{"titulo":"Presidente de time da A1 \u00e9 o convidado do \u201cCamarote RF\u201d","link":"https:\/\/www.futebolinterior.com.br\/presidente-de-time-da-a1-e-o-convidado-do-camarote-rf\/","chapeu":"OLHA ELE A\u00cd!","data":"07\/12\/2014","imagem":"https:\/\/images.futebolinterior.com.br\/2021\/04\/0002050047855_img-169x300.jpg","resumo":"O presidente do Bragantino, Marco Chedid, \u00e9 o convidado desta segunda-feira do \u201cCamarote\u201d da Rede Fam\u00edlia de Televis\u00e3o, com in\u00edcio \u00e0s 19:00 horas. "},"682683":{"titulo":"Pel\u00e9 tem 'boa evolu\u00e7\u00e3o cl\u00ednica', diz boletim m\u00e9dico","link":"https:\/\/www.futebolinterior.com.br\/pele-tem-boa-evolucao-clinica-diz-boletim-medico\/","chapeu":"A\u00cd SIM!","data":"07\/12\/2014","imagem":"https:\/\/images.futebolinterior.com.br\/2021\/04\/0002050047784_img-300x200.jpg","resumo":"Pel\u00e9 apresenta \"boa evolu\u00e7\u00e3o cl\u00ednica\", segundo o novo boletim m\u00e9dico do Hospital Albert Einstein, onde ele est\u00e1 internado em S\u00e3o Paulo. Divulgado no come\u00e7o da tarde deste"},"682703":{"titulo":"Macarr\u00e3o, ex-Ferrovi\u00e1rio AC, morre durante sexo com garota de programa","link":"https:\/\/www.futebolinterior.com.br\/macarrao-ex-ferroviario-ac-morre-durante-sexo-com-garota-de-programa\/","chapeu":"LUTO!","data":"07\/12\/2014","imagem":"https:\/\/images.futebolinterior.com.br\/2021\/04\/0002050047755_img-284x300.jpg","resumo":"Quando a gente acha que j\u00e1 aconteceu de tudo no meio do futebol, um novo fato aparece. Dessa vez envolve a morte do ex-jogador de futebol Aldemir Vitaliano Mendes, o \"Macarr\u00e3o\""},"682716":{"titulo":"Futebol Interior j\u00e1 tinha batido, mas agora \u00e9 oficial: Doriva vai dirigir o Botafogo em 2015","link":"https:\/\/www.futebolinterior.com.br\/futebol-interior-ja-tinha-batido-mas-agora-e-oficial-doriva-vai-dirigir-o-botafogo-em-2015\/","chapeu":"BOTAFOGO CONFIRMA FI","data":"06\/12\/2014","imagem":"https:\/\/images.futebolinterior.com.br\/2021\/04\/0002050047690_img.jpg","resumo":"O Portal Futebol Interior bateu de primeira m\u00e3o durante a semana que a ida do t\u00e9cnico Doriva para o Botafogo seria quest\u00e3o apenas de acertos de planejamento para a temporada 2015. "},"682718":{"titulo":"Bicampe\u00e3o pelo Cruzeiro, Alexandre Mattos deve ser o novo diretor de futebol do Palmeiras","link":"https:\/\/www.futebolinterior.com.br\/bicampeao-pelo-cruzeiro-alexandre-mattos-deve-ser-o-novo-diretor-de-futebol-do-palmeiras\/","chapeu":"PRIMEIRO REFOR\u00c7O!","data":"06\/12\/2014","imagem":"https:\/\/images.futebolinterior.com.br\/2021\/04\/0002050047686_img.jpg","resumo":" Palmeiras est\u00e1 perto de acertar a sua primeira contrata\u00e7\u00e3o para 2015. Mas n\u00e3o ser\u00e1 para os gramados. Alexandre Mattos, bicampe\u00e3o com o Cruzeiro, deve ser o novo diretor executivo"},"682837":{"titulo":"Palmeiras tem um domingo de alegria ou muita tristeza no Brasileir\u00e3o Chevrolet","link":"https:\/\/www.futebolinterior.com.br\/palmeiras-tem-um-domingo-de-alegria-ou-muita-tristeza-no-brasileirao-chevrolet\/","chapeu":"OPINI\u00c3O","data":"05\/12\/2014","imagem":"https:\/\/images.futebolinterior.com.br\/2021\/04\/0002050047521_img-300x152.jpg","resumo":"Se vencer, a vaga do Palmeiras na S\u00e9rie A do Brasileiro de 2015 estar\u00e1 garantida. Se empatar, vai depender do resultado do Vit\u00f3ria da Bahia, diante do Santos, em Salvador. "}}