{"682434":{"titulo":"Valdivia quer refor\u00e7os de peso para seguir no Palmeiras","link":"https:\/\/www.futebolinterior.com.br\/valdivia-quer-reforcos-de-peso-para-seguir-no-palmeiras\/","chapeu":"EXIG\u00caNCIAS","data":"08\/12\/2014","imagem":"https:\/\/images.futebolinterior.com.br\/2021\/04\/0002050048167_img-300x169.jpg","resumo":"Valdivia tem contrato com o Palmeiras at\u00e9 agosto do ano que vem"},"682440":{"titulo":"Paulist\u00e3o: Botafogo apresenta t\u00e9cnico Doriva, campe\u00e3o paulista pelo Ituano","link":"https:\/\/www.futebolinterior.com.br\/paulistao-botafogo-apresenta-tecnico-doriva-campeao-paulista-pelo-ituano\/","chapeu":"NEG\u00d3CIO FECHADO!","data":"08\/12\/2014","imagem":"https:\/\/images.futebolinterior.com.br\/2021\/04\/0002050048157_img-300x200.jpg","resumo":"O treinador chega com a inten\u00e7\u00e3o de realizar campanha semelhante do Galo na Pantera"},"682442":{"titulo":"Paulist\u00e3o: S\u00e3o Bernardo promove goleiro das categorias de base com apoio de jogadores experientes","link":"https:\/\/www.futebolinterior.com.br\/paulistao-sao-bernardo-promove-goleiro-das-categorias-de-base-com-apoio-de-jogadores-experientes\/","chapeu":"VAI AJUDAR","data":"08\/12\/2014","imagem":"https:\/\/images.futebolinterior.com.br\/2021\/04\/0002050048156_img-300x200.jpg","resumo":" A experi\u00eancia do zagueiro Alex Silva na defesa do S\u00e3o Bernardo deve fazer a comiss\u00e3o t\u00e9cnica lan\u00e7ar um jogador mais jovem em outra posi\u00e7\u00e3o"},"682473":{"titulo":"Paulist\u00e3o: Endividada, Portuguesa pede socorro ao S\u00e3o Paulo para montar elenco","link":"https:\/\/www.futebolinterior.com.br\/paulistao-endividada-portuguesa-pede-socorro-ao-sao-paulo-para-montar-elenco\/","chapeu":"ME AJUDA A\u00cd!","data":"08\/12\/2014","imagem":"https:\/\/images.futebolinterior.com.br\/2021\/04\/0002050048135_img-300x191.jpg","resumo":"Assim como j\u00e1 fez em 2014, a Portuguesa deve anunciar os seus primeiros refor\u00e7os para a disputa do Campeonato Paulista."},"682477":{"titulo":"Ap\u00f3s permanecer na elite, Palmeiras libera Bruno C\u00e9sar","link":"https:\/\/www.futebolinterior.com.br\/apos-permanecer-na-elite-palmeiras-libera-bruno-cesar\/","chapeu":"TCHAU, TCHAU!","data":"08\/12\/2014","imagem":"https:\/\/images.futebolinterior.com.br\/2021\/04\/0002050048133_img-300x202.jpg","resumo":"O meia chegou para substituir Vald\u00edvia, mas fez apenas dois gols com a camisa do Verd\u00e3o"},"682484":{"titulo":"Fora dos planos da diretoria, Ponte negocia Alem\u00e3o com o Cruz Azul-MEX","link":"https:\/\/www.futebolinterior.com.br\/fora-dos-planos-da-diretoria-ponte-negocia-alemao-com-o-cruz-azul-mex\/","chapeu":"DE SA\u00cdDA!","data":"08\/12\/2014","imagem":"https:\/\/images.futebolinterior.com.br\/2021\/04\/0002050048131_img-300x188.jpg","resumo":"Embora a Macaca n\u00e3o confirme, Alem\u00e3o d\u00e1 como certa a transfer\u00eancia"},"682487":{"titulo":"Paulist\u00e3o: S\u00e3o Bernardo contrata Rafael Cruz, que disputou a S\u00e9rie B pelo N\u00e1utico","link":"https:\/\/www.futebolinterior.com.br\/paulistao-sao-bernardo-contrata-rafael-cruz-que-disputou-a-serie-b-pelo-nautico\/","chapeu":"DE VOLTA!","data":"08\/12\/2014","imagem":"https:\/\/images.futebolinterior.com.br\/2021\/04\/0002050048130_img-300x200.jpg","resumo":"O segundo refor\u00e7o do S\u00e3o Bernardo confirmado para a disputa do Campeonato Paulista \u00e9 conhecido da torcida do Bern\u00f4."},"682491":{"titulo":"Paulist\u00e3o: Adiantado, Luis dos Reis come\u00e7a a tra\u00e7ar time titular do Mar\u00edlia","link":"https:\/\/www.futebolinterior.com.br\/paulistao-adiantado-luis-dos-reis-comeca-a-tracar-time-titular-do-marilia\/","chapeu":"PRIMEIRAS IDEIAS","data":"08\/12\/2014","imagem":"https:\/\/images.futebolinterior.com.br\/2021\/04\/0002050048128_img-225x300.jpg","resumo":"Um dos primeiros clubes a praticamente fechar o elenco para o Campeonato Paulista Chevrolet, o Mar\u00edlia j\u00e1 come\u00e7a a ter os seus titulares"},"682500":{"titulo":"Guarani da Capital x Palmeiras do Interior: Do c\u00e9u ao inferno em apenas 20 anos","link":"https:\/\/www.futebolinterior.com.br\/guarani-da-capital-x-palmeiras-do-interior-do-ceu-ao-inferno-em-apenas-20-anos\/","chapeu":"ESPECIAL!","data":"08\/12\/2014","imagem":"https:\/\/images.futebolinterior.com.br\/2021\/04\/0002050048118_img-300x157.jpg","resumo":"Em 1994 Guarani e Palmeiras disputaram a semifinal do Campeonato Brasileiro, quando o Verd\u00e3o da capital ficou com o t\u00edtulo nacional. Vinte anos se passaram e a situa\u00e7\u00e3o"},"682515":{"titulo":"Paulist\u00e3o: S\u00e3o Bento anuncia zagueiro Xand\u00e3o e goleiro Alex Alves","link":"https:\/\/www.futebolinterior.com.br\/paulistao-sao-bento-anuncia-zagueiro-xandao-e-goleiro-alex-alves\/","chapeu":"MAIS DOIS","data":"08\/12\/2014","imagem":"https:\/\/images.futebolinterior.com.br\/2021\/04\/0002050048111_img.jpg","resumo":"Chegam nos pr\u00f3ximos dias mais quatro refor\u00e7os: um zagueiro, dois volantes e um meia-atacante"}}