{"682847":{"titulo":"Paulist\u00e3o: S\u00e3o Bento goleia combinado de Itu por 6 a 0 em jogo-treino","link":"https:\/\/www.futebolinterior.com.br\/paulistao-sao-bento-goleia-combinado-de-itu-por-6-a-0-em-jogo-treino\/","chapeu":"PREPARA\u00c7\u00c3O","data":"05\/12\/2014","imagem":"https:\/\/images.futebolinterior.com.br\/2021\/04\/0002050047506_img-300x247.jpg","resumo":"Com port\u00f5es fechados, o S\u00e3o Bento fez nesta tarde de sexta-feira, seu primeiro jogo-treino, na prepara\u00e7\u00e3o para o Paulist\u00e3o de 2015"},"682857":{"titulo":"Marco Aur\u00e9lio Moreira assume Bragantino motivado ap\u00f3s quatro anos de \u201caposentadoria\u201d","link":"https:\/\/www.futebolinterior.com.br\/marco-aurelio-moreira-assume-bragantino-motivado-apos-quatro-anos-de-aposentadoria\/","chapeu":"MOTIVA\u00c7\u00c3O RENOVADA","data":"05\/12\/2014","imagem":"https:\/\/images.futebolinterior.com.br\/2021\/04\/0002050047498_img.jpg","resumo":"Marco Aur\u00e9lio foi apresentado nesta sexta-feira \u00e0 tarde para comandar o Bragantino na temporada 2015. Segundo ele, \u201cfoi um per\u00edodo de descanso e se dedicar um pouco \u00e0 fam\u00edlia\u201d."},"682992":{"titulo":"Internauta curte a p\u00e1gina do Futebol Interior e leva uma camisa do Ituano!","link":"https:\/\/www.futebolinterior.com.br\/internauta-curte-a-pagina-do-futebol-interior-e-leva-uma-camisa-do-ituano\/","chapeu":"N\u00c3O PERCA TEMPO!","data":"05\/12\/2014","imagem":"https:\/\/images.futebolinterior.com.br\/2021\/04\/0002050047384_img-300x171.jpg","resumo":"O uniforme \u00e9 do lateral Z\u00e9 Carlos, que tem passagens por clubes como o Corinthians"},"682906":{"titulo":"Corinthians negocia Danilo Fernandes com o Sport","link":"https:\/\/www.futebolinterior.com.br\/corinthians-negocia-danilo-fernandes-com-o-sport\/","chapeu":"FAXINA NAS TRAVES","data":"05\/12\/2014","imagem":"https:\/\/images.futebolinterior.com.br\/2021\/04\/0002050047450_img-300x225.jpg","resumo":"Danilo tem contrato com o Corinthians at\u00e9 o final de dezembro, mas n\u00e3o ter\u00e1 o v\u00ednculo renovado"},"682911":{"titulo":"Procurando substituto de Kak\u00e1, S\u00e3o Paulo pode contratar Camilo, da Chapecoense","link":"https:\/\/www.futebolinterior.com.br\/procurando-substituto-de-kaka-sao-paulo-pode-contratar-camilo-da-chapecoense\/","chapeu":"MESMA COISA?","data":"05\/12\/2014","imagem":"https:\/\/images.futebolinterior.com.br\/2021\/04\/0002050047447_img-300x157.jpg","resumo":"Para muitos, a boa fase do S\u00e3o Paulo na reta final do Campeonato Brasileiro est\u00e1 relacionada com a contrata\u00e7\u00e3o de Kak\u00e1."},"682921":{"titulo":"Paulist\u00e3o: Gilsinho acredita em classifica\u00e7\u00e3o do Linense para a S\u00e9rie D do Brasileiro","link":"https:\/\/www.futebolinterior.com.br\/paulistao-gilsinho-acredita-em-classificacao-do-linense-para-a-serie-d-do-brasileiro\/","chapeu":"EU ACREDITO!","data":"05\/12\/2014","imagem":"https:\/\/images.futebolinterior.com.br\/2021\/04\/0002050047441_img-300x216.jpg","resumo":"O meia Gilsinho est\u00e1 de volta ao Linense para a disputa do Campeonato Paulista de 2015, que ter\u00e1 o seu inicio no dia 1\u00ba de fevereiro"},"682923":{"titulo":"Paulist\u00e3o: Zel\u00e3o 'menospreza' o Guarani em apresenta\u00e7\u00e3o no XV de Piracicaba","link":"https:\/\/www.futebolinterior.com.br\/paulistao-zelao-menospreza-o-guarani-em-apresentacao-no-xv-de-piracicaba\/","chapeu":"EITA, BUGR\u00c3O!","data":"05\/12\/2014","imagem":"https:\/\/images.futebolinterior.com.br\/2021\/04\/0002050047438_img-300x255.jpg","resumo":"Zel\u00e3o tinha tudo certo com o Guarani, mas optou por defender um time de elite"},"682938":{"titulo":"Santos pode contratar Podolski, atacante alem\u00e3o da Copa do Mundo","link":"https:\/\/www.futebolinterior.com.br\/santos-pode-contratar-podolski-atacante-alemao-da-copa-do-mundo\/","chapeu":"REFOR\u00c7O DE PESO","data":"05\/12\/2014","imagem":"https:\/\/images.futebolinterior.com.br\/2021\/04\/0002050047428_img-265x300.jpg","resumo":" Pupilo dos brasileiros durante a estadia da Alemanha na Copa do Mundo do Brasil, o atacante Lukas Podolski pode parar no Santos"},"682980":{"titulo":"Descartado no XV de Piracicaba, Nunes volta \u00e0 pauta do Guarani","link":"https:\/\/www.futebolinterior.com.br\/descartado-no-xv-de-piracicaba-nunes-volta-a-pauta-do-guarani\/","chapeu":"OLHA ELE AI!","data":"05\/12\/2014","imagem":"https:\/\/images.futebolinterior.com.br\/2021\/04\/0002050047396_img-300x194.jpg","resumo":"O atacante est\u00e1 se recuperando de uma grave les\u00e3o e deve ser anunciado no Bugre nos pr\u00f3ximos dias"},"682994":{"titulo":"Ponte Preta anuncia goleiro Matheus, do Bragantino, e libera Daniel para Mogi Mirim","link":"https:\/\/www.futebolinterior.com.br\/ponte-preta-anuncia-goleiro-matheus-do-bragantino-e-libera-daniel-para-mogi-mirim\/","chapeu":"MERCADO!","data":"05\/12\/2014","imagem":"https:\/\/images.futebolinterior.com.br\/2021\/04\/0002050047382_img-300x153.jpg","resumo":"Ponte Preta anunciou a contrata\u00e7\u00e3o do goleiro Matheus, de 22 anos e que defendeu o Bragantino no Brasileiro da S\u00e9rie B. Clube comunicou a sa\u00edda de Daniel, que vai ao Mogi Mirim."}}