{"681827":{"titulo":"Ponte Preta anuncia sa\u00edda de Jo\u00e3o Lucas, Bryan, Vilson, Gilvan, Adilson Goiano e Rafael Costa","link":"https:\/\/www.futebolinterior.com.br\/ponte-preta-anuncia-saida-de-joao-lucas-bryan-vilson-gilvan-adilson-goiano-e-rafael-costa\/","chapeu":"VAI SOBRAR ALGU\u00c9M?","data":"11\/12\/2014","imagem":"https:\/\/images.futebolinterior.com.br\/2021\/04\/0002050048711_img-300x198.jpg","resumo":"Ponte Preta anuncia sa\u00edda de Jo\u00e3o Lucas, Bryan, Vilson, Gilvan, Adilson Goiano e Rafael Costa, que n\u00e3o continuar\u00e3o para o Paulist\u00e3o 2015."},"681846":{"titulo":"Tite evita confirmar volta ao comando do Corinthians","link":"https:\/\/www.futebolinterior.com.br\/tite-evita-confirmar-volta-ao-comando-do-corinthians\/","chapeu":"DESPISTOU","data":"11\/12\/2014","imagem":"https:\/\/images.futebolinterior.com.br\/2021\/04\/0002050048702_img-214x300.jpg","resumo":"Tite explicou que o tempo que ficou fora dos gramados foi importante para evoluir profissionalmente e pessoalmente"},"681842":{"titulo":"Ponte Preta anuncia empr\u00e9stimos de Bruno Fuso, Jonathan, Renan, Ademir, Rossi e Rafael Rat\u00e3o","link":"https:\/\/www.futebolinterior.com.br\/ponte-preta-anuncia-emprestimos-de-bruno-fuso-jonathan-renan-ademir-rossi-e-rafael-ratao\/","chapeu":"FAXINA!","data":"11\/12\/2014","imagem":"https:\/\/images.futebolinterior.com.br\/2021\/04\/0002050048694_img-300x200.jpg","resumo":"Ponte Preta anuncia os empr\u00e9stimos do goleiro Bruno Fuso, dos laterais Jonathan e Renan, e dos atacantes Ademir, Rossi e Rafael Rat\u00e3o."},"681852":{"titulo":"S\u00e3o Paulo busca investidores para contratar Thiago Mendes, meia do Goi\u00e1s","link":"https:\/\/www.futebolinterior.com.br\/sao-paulo-busca-investidores-para-contratar-thiago-mendes-meia-do-goias\/","chapeu":"VAI FECHAR?","data":"11\/12\/2014","imagem":"https:\/\/images.futebolinterior.com.br\/2021\/04\/0002050048692_img-300x203.jpg","resumo":"O S\u00e3o Paulo j\u00e1 definiu o novo alvo para refor\u00e7ar o meio de campo do time. Trata-se do jovem Thiago Mendes, de apenas 22 anos, que fez um belo Campeonato Brasileiro"},"681859":{"titulo":"Corinthians oferece R$ 700 mil a Tite e fica perto de acerto","link":"https:\/\/www.futebolinterior.com.br\/corinthians-oferece-r-700-mil-a-tite-e-fica-perto-de-acerto\/","chapeu":"VAI VOLTAR?","data":"11\/12\/2014","imagem":"https:\/\/images.futebolinterior.com.br\/2021\/04\/0002050048689_img-300x225.jpg","resumo":"Tite est\u00e1 perto de retornar ao Corinthians. Segundo informa\u00e7\u00f5es da coluna Painel FC, da Folha de S\u00e3o Paulo, o alvinegro ofereceu ao comandante um sal\u00e1rio de R$ 700 mil"},"681880":{"titulo":"Rafael Toloi celebra ano e projeta 2015 melhor no S\u00e3o Paulo","link":"https:\/\/www.futebolinterior.com.br\/rafael-toloi-celebra-ano-e-projeta-2015-melhor-no-sao-paulo\/","chapeu":"SONHANDO ALTO","data":"11\/12\/2014","imagem":"https:\/\/images.futebolinterior.com.br\/2021\/04\/0002050048678_img-300x200.jpg","resumo":"Rafael Toloi viveu um 2014 intenso. No in\u00edcio do ano, foi emprestado para a Roma e, ap\u00f3s um in\u00edcio discreto, terminou a temporada europeia como titular - s\u00f3 n\u00e3o ficou de vez "},"681884":{"titulo":"Sa\u00edda de Alan Kardec foi divisor de \u00e1guas no Palmeiras, diz Brunoro","link":"https:\/\/www.futebolinterior.com.br\/saida-de-alan-kardec-foi-divisor-de-aguas-no-palmeiras-diz-brunoro\/","chapeu":"CULPADO?","data":"11\/12\/2014","imagem":"https:\/\/images.futebolinterior.com.br\/2021\/04\/0002050048677_img-300x227.jpg","resumo":"Jos\u00e9 Carlos Brunoro, diretor executivo do Palmeiras em 2013 e 2014, demitido na \u00faltima segunda-feira, afirma que a principal raz\u00e3o das dificuldades no segundo semestre"},"681891":{"titulo":"Seguindo Ronaldinho Ga\u00facho? Robinho pode trocar o Santos pelo Atlas, do M\u00e9xico","link":"https:\/\/www.futebolinterior.com.br\/seguindo-ronaldinho-gaucho-robinho-pode-trocar-o-santos-pelo-atlas-do-mexico\/","chapeu":"FIM DAS PEDALADAS?","data":"10\/12\/2014","imagem":"https:\/\/images.futebolinterior.com.br\/2021\/04\/0002050048655_img-300x184.jpg","resumo":" Principal jogador do Santos na \u00faltima temporada, o \u00eddolo Robinho pode estar de sa\u00edda da Vila Belmiro."},"681893":{"titulo":"Paulist\u00e3o: S\u00e3o Paulo admite interesse por Dudu, do Gr\u00eamio, por\u00e9m espera defini\u00e7\u00e3o de clube ga\u00facho","link":"https:\/\/www.futebolinterior.com.br\/paulistao-sao-paulo-admite-interesse-por-dudu-do-gremio-porem-espera-definicao-de-clube-gaucho\/","chapeu":"COBI\u00c7ADO! ","data":"10\/12\/2014","imagem":"https:\/\/images.futebolinterior.com.br\/2021\/04\/0002050048654_img-300x200.jpg","resumo":"Amizade entre presidentes dos clubes, Carlos Miguel Aidar e F\u00e1bio Koff, faz com que diretoria do Tricolor Paulista espere o desfecho da situa\u00e7\u00e3o entre atacante e seu atual time."},"681911":{"titulo":"Paulist\u00e3o: S\u00e3o Bernardo acerta retorno do zagueiro Luciano Castan, que estava na Lusa","link":"https:\/\/www.futebolinterior.com.br\/paulistao-sao-bernardo-acerta-retorno-do-zagueiro-luciano-castan-que-estava-na-lusa\/","chapeu":"ELE VOLTOU","data":"10\/12\/2014","imagem":"https:\/\/images.futebolinterior.com.br\/2021\/04\/0002050048638_img-300x207.jpg","resumo":"Depois de disputar o Campeonato Brasileiro da S\u00e9rie B pela Portuguesa, o zagueiro Luciano Castan est\u00e1 de volta ao S\u00e3o Bernardo."}}