{"681768":{"titulo":"Paulist\u00e3o: Osasco Audax usa Ituano como exemplo e sonha em ser campe\u00e3o","link":"https:\/\/www.futebolinterior.com.br\/paulistao-osasco-audax-usa-ituano-como-exemplo-e-sonha-em-ser-campeao\/","chapeu":"SONHANDO ALTO","data":"11\/12\/2014","imagem":"https:\/\/images.futebolinterior.com.br\/2021\/04\/0002050048765_img-300x225.jpg","resumo":"O t\u00edtulo de campe\u00e3o do Ituano no \u00faltimo Campeonato Paulista servir\u00e1 de inspira\u00e7\u00e3o para demais clubes do interior na pr\u00f3xima temporada. "},"681770":{"titulo":"Palmeiras encaminha acerto com volante Amaral, do Goi\u00e1s","link":"https:\/\/www.futebolinterior.com.br\/palmeiras-encaminha-acerto-com-volante-amaral-do-goias\/","chapeu":"QUASE CERTO!","data":"11\/12\/2014","imagem":"https:\/\/images.futebolinterior.com.br\/2021\/04\/0002050048759_img-300x206.jpg","resumo":" Mesmo ainda sem a defini\u00e7\u00e3o de um treinador e passando por um processo da reformula\u00e7\u00e3o da comiss\u00e3o t\u00e9cnica, o Palmeiras est\u00e1 perto de anunciar o primeiro refor\u00e7"},"681772":{"titulo":"Paulist\u00e3o: Botafogo tenta a contrata\u00e7\u00e3o de Roberto, ex-goleiro da Ponte Preta e L\u00facio Fl\u00e1vio, do Paran\u00e1","link":"https:\/\/www.futebolinterior.com.br\/paulistao-botafogo-tenta-a-contratacao-de-roberto-ex-goleiro-da-ponte-preta-e-lucio-flavio-do-parana\/","chapeu":"REFOR\u00c7OS DE PESO","data":"11\/12\/2014","imagem":"https:\/\/images.futebolinterior.com.br\/2021\/04\/0002050048758_img-300x185.jpg","resumo":" Depois de confirmar a chegada do t\u00e9cnico Doriva, atual campe\u00e3o do Campeonato Paulista, o Botafogo d\u00e1 mostras que quer montar um elenco forte "},"681819":{"titulo":"S\u00e3o Paulo imp\u00f5e teto salarial de R$ 300 mil para futebol","link":"https:\/\/www.futebolinterior.com.br\/sao-paulo-impoe-teto-salarial-de-r-300-mil-para-futebol\/","chapeu":"PUXANDO FILA?","data":"11\/12\/2014","imagem":"https:\/\/images.futebolinterior.com.br\/2021\/04\/0002050048752_img-300x193.jpg","resumo":"O S\u00e3o Paulo tomou uma decis\u00e3o importante na gest\u00e3o de seu futebol: n\u00e3o pretende pagar sal\u00e1rios maiores do que R$ 300 mil por m\u00eas. \u00c9 um teto salarial de respeito para os padr\u00f5es"},"681778":{"titulo":"Paulist\u00e3o: Elton opera e \u00e9 mais um que deixar\u00e1 o elenco da Ponte Preta","link":"https:\/\/www.futebolinterior.com.br\/paulistao-elton-opera-e-e-mais-um-que-deixara-o-elenco-da-ponte-preta\/","chapeu":"FOI PRA FACA!","data":"11\/12\/2014","imagem":"https:\/\/images.futebolinterior.com.br\/2021\/04\/0002050048747_img-225x300.jpg","resumo":"Ap\u00f3s um longo per\u00edodo de tratamento na Ponte Preta, o volante Elton passou nesta quarta-feira por uma cirurgia e colocou tr\u00eas pinos no p\u00e9 direito. "},"681788":{"titulo":"Paulist\u00e3o: Ponte Preta fica pr\u00f3xima de acerto com o zagueiro Renato Chaves, ex-Corinthians","link":"https:\/\/www.futebolinterior.com.br\/paulistao-ponte-preta-fica-proxima-de-acerto-com-o-zagueiro-renato-chaves-ex-corinthians\/","chapeu":"FAMOSO QUEM?","data":"11\/12\/2014","imagem":"https:\/\/images.futebolinterior.com.br\/2021\/04\/0002050048742_img-300x168.jpg","resumo":"As primeiras dispensas e contrata\u00e7\u00f5es da Ponte Preta para o Campeonato Paulista Chevrolet de 2015 n\u00e3o s\u00e3o nada animadoras"},"681808":{"titulo":"Capivariano consegue contato, mas adia acordo com Amaral Coveiro","link":"https:\/\/www.futebolinterior.com.br\/capivariano-consegue-contato-mas-adia-acordo-com-amaral-coveiro\/","chapeu":"BEM PR\u00d3XIMO","data":"11\/12\/2014","imagem":"https:\/\/images.futebolinterior.com.br\/2021\/04\/0002050048731_img-300x225.jpg","resumo":" Apontado como o principal alvo do Capivariano para a disputa do Campeonato Paulista Chevrolet, o volante Amaral, ex- Palmeiras e Corinthians"},"681823":{"titulo":"Kak\u00e1 se despede e diz: 'Deixo o cora\u00e7\u00e3o no S\u00e3o Paulo'","link":"https:\/\/www.futebolinterior.com.br\/kaka-se-despede-e-diz-deixo-o-coracao-no-sao-paulo\/","chapeu":"AT\u00c9 LOGO!","data":"11\/12\/2014","imagem":"https:\/\/images.futebolinterior.com.br\/2021\/04\/0002050048724_img-300x164.jpg","resumo":"Depois de apenas um semestre no Morumbi, Kak\u00e1 est\u00e1 de novo indo embora do S\u00e3o Paulo. O jogador, revelado no clube tricolor e vendido ainda garoto para o Milan"},"681816":{"titulo":"S\u00e3o Paulo pode negociar atacante Osvaldo com o Internacional","link":"https:\/\/www.futebolinterior.com.br\/sao-paulo-pode-negociar-atacante-osvaldo-com-o-internacional\/","chapeu":"NOVO DESTINO","data":"11\/12\/2014","imagem":"https:\/\/images.futebolinterior.com.br\/2021\/04\/0002050048722_img-300x200.jpg","resumo":"Na pr\u00f3xima semana os empres\u00e1rios do atacante se reunir\u00e3o para discutir o seu destino"},"681821":{"titulo":"Paulist\u00e3o: Jo\u00e3o Carlos, atacante do Maca\u00e9, deve refor\u00e7ar o Rio Claro","link":"https:\/\/www.futebolinterior.com.br\/paulistao-joao-carlos-atacante-do-macae-deve-reforcar-o-rio-claro\/","chapeu":"REFOR\u00c7O!","data":"11\/12\/2014","imagem":"https:\/\/images.futebolinterior.com.br\/2021\/04\/0002050048721_img-300x218.jpg","resumo":" Com oito gols marcados pelo Maca\u00e9 no Campeonato Brasileiro da S\u00e9rie C, o atacante Jo\u00e3o Carlos dever\u00e1 ser o novo refor\u00e7o do Rio Claro para a disputa do Campeonato Paulista "}}