{"681942":{"titulo":"Palmeiras fecha com investidor e busca mais uma parceria para contratar Fred","link":"https:\/\/www.futebolinterior.com.br\/palmeiras-fecha-com-investidor-e-busca-mais-uma-parceria-para-contratar-fred\/","chapeu":"INVESTINDO PESADO!","data":"10\/12\/2014","imagem":"https:\/\/images.futebolinterior.com.br\/2021\/04\/0002050048572_img-300x169.jpg","resumo":" O Alviverde, que confirmou a sa\u00edda de Wesley nesta quarta, j\u00e1 conseguiu um investidor e busca mais uma parceria para contratar o atacante Fred, do Fluminense."},"681950":{"titulo":"Paulist\u00e3o: Osasco Audax estuda elenco antes de anunciar refor\u00e7os","link":"https:\/\/www.futebolinterior.com.br\/paulistao-osasco-audax-estuda-elenco-antes-de-anunciar-reforcos\/","chapeu":"COM CALMA","data":"10\/12\/2014","imagem":"https:\/\/images.futebolinterior.com.br\/2021\/04\/0002050048558_img-300x200.jpg","resumo":" Em 2014, os olhares de todos que acompanharam o Campeonato Paulista enxergaram um time diferente, que priorizava a posse de bola"},"681958":{"titulo":"Novo presidente assumir\u00e1 um Santos em crise financeira","link":"https:\/\/www.futebolinterior.com.br\/novo-presidente-assumira-um-santos-em-crise-financeira\/","chapeu":"SEM GRANA","data":"10\/12\/2014","imagem":"https:\/\/images.futebolinterior.com.br\/2021\/04\/0002050048555_img-300x186.jpg","resumo":"Santos est\u00e1 em grave crise depois de anos de gl\u00f3ria"},"681954":{"titulo":"Pode acreditar! Ponte Preta contrata Tch\u00ea Tch\u00ea, do Osasco Audax, e V\u00edtor Xavier, do Mogi Mirim","link":"https:\/\/www.futebolinterior.com.br\/pode-acreditar-ponte-preta-contrata-tche-tche-do-osasco-audax-e-vitor-xavier-do-mogi-mirim\/","chapeu":"QUE FASE, MACACA!","data":"10\/12\/2014","imagem":"https:\/\/images.futebolinterior.com.br\/2021\/04\/0002050048553_img-300x189.jpg","resumo":"Ponte Preta contrata meia Tch\u00ea Tch\u00ea, que disputou a S\u00e9rie C pelo Guaratinguet\u00e1 e que pertence ao Osasco Audax. Outro que chega \u00e9 o meia V\u00edtor Xavier, que estava no Mogi Mirim."},"681956":{"titulo":"A pedido de Muricy, S\u00e3o Paulo negocia com lateral Bruno, do Fluminense","link":"https:\/\/www.futebolinterior.com.br\/a-pedido-de-muricy-sao-paulo-negocia-com-lateral-bruno-do-fluminense\/","chapeu":"DEBANDADA NO FLU!","data":"10\/12\/2014","imagem":"https:\/\/images.futebolinterior.com.br\/2021\/04\/0002050048554_img-300x168.jpg","resumo":"A pedidos de Muricy Ramalho, o Tricolor, que j\u00e1 contratou o lateral-esquerdo Carlinhos, est\u00e1 negociando com o lateral-direito Bruno para resolver o problema do setor s\u00e3o paulino."},"681971":{"titulo":"Da Lupa, ex-presidente da Portuguesa, alega amea\u00e7as e evita se defender no Canind\u00e9","link":"https:\/\/www.futebolinterior.com.br\/da-lupa-ex-presidente-da-portuguesa-alega-ameacas-e-evita-se-defender-no-caninde\/","chapeu":"BICHO PEGOU!","data":"10\/12\/2014","imagem":"https:\/\/images.futebolinterior.com.br\/2021\/04\/0002050048552_img-300x169.jpg","resumo":"O ex-presidente registrou um boletim de ocorr\u00eancias para confirmar as amea\u00e7as"},"681960":{"titulo":"Paulist\u00e3o: Ituano confirma retorno de Dick e apresenta mais seis nesta quinta","link":"https:\/\/www.futebolinterior.com.br\/paulistao-ituano-confirma-retorno-de-dick-e-apresenta-mais-seis-nesta-quinta\/","chapeu":"REFOR\u00c7OS!","data":"10\/12\/2014","imagem":"https:\/\/images.futebolinterior.com.br\/2021\/04\/0002050048551_img-300x240.jpg","resumo":"Al\u00e9m do jogador, o goleiro F\u00e1bio, o lateral Pacheco, os volantes Jonatan e Walfrido, o zagueiro Luis Fernando e o atacante Jheimy refor\u00e7am o Galo"},"681978":{"titulo":"S\u00e3o Paulo espera ter volante Wesley no in\u00edcio de 2015","link":"https:\/\/www.futebolinterior.com.br\/sao-paulo-espera-ter-volante-wesley-no-inicio-de-2015\/","chapeu":"VAI PULAR O MURO?","data":"10\/12\/2014","imagem":"https:\/\/images.futebolinterior.com.br\/2021\/04\/0002050048546_img-300x189.jpg","resumo":"S\u00e3o Paulo vai tirar mais um destaque do Palmeiras. Depois de Alan Kardec, o pr\u00f3ximo ser\u00e1 Wesley. O volante que chegou em 2012 no Palmeiras nunca justificou o valor pago"},"681967":{"titulo":"Ap\u00f3s anunciar C\u00edcero Souza, Palmeira demonstra interesse por Oswaldo de Oliveira","link":"https:\/\/www.futebolinterior.com.br\/apos-anunciar-cicero-souza-palmeira-demonstra-interesse-por-oswaldo-de-oliveira\/","chapeu":"BOM NOME?","data":"10\/12\/2014","imagem":"https:\/\/images.futebolinterior.com.br\/2021\/04\/0002050048544_img-300x224.jpg","resumo":"O treinador teve uma breve passagem pelo Santos e est\u00e1 sem clube desde ent\u00e3o"},"681999":{"titulo":"Palmeiras confirma C\u00edcero Souza como seu novo gerente","link":"https:\/\/www.futebolinterior.com.br\/palmeiras-confirma-cicero-souza-como-seu-novo-gerente\/","chapeu":"REFORMULA\u00c7\u00c3O","data":"10\/12\/2014","imagem":"https:\/\/images.futebolinterior.com.br\/2021\/04\/0002050048542_img-300x221.jpg","resumo":"A chegada de C\u00edcero \u00e9 o primeiro passo no plano estrat\u00e9gico para 2015"}}