{"655641":{"titulo":"Ap\u00f3s conquistar torcida, Arouca garante: 'Temos time para ser campe\u00e3o neste ano'","link":"https:\/\/www.futebolinterior.com.br\/apos-conquistar-torcida-arouca-garante-temos-time-para-ser-campeao-neste-ano\/","chapeu":"ANIMADO","data":"14\/04\/2015","imagem":"https:\/\/images.futebolinterior.com.br\/2021\/04\/0002050072393_img.jpg","resumo":"O volante chegou do Santos sob muita expectativa e j\u00e1 caiu no gosto do torcedor palmeirense"},"655658":{"titulo":"Ponte Preta negocia com Felipe Azevedo do Sport e deve anunciar dispensas","link":"https:\/\/www.futebolinterior.com.br\/ponte-preta-negocia-com-felipe-azevedo-do-sport-e-deve-anunciar-dispensas\/","chapeu":"REFORMULA\u00c7\u00c3O!","data":"13\/04\/2015","imagem":"https:\/\/images.futebolinterior.com.br\/2021\/04\/0002050072370_img-300x159.jpg","resumo":"Al\u00e9m do lateral-esquerdo Gilson, do Cruzeiro, e do volante Marcos Serrato, do Paran\u00e1, o atacante Felipe Azevedo, do Sport, tamb\u00e9m est\u00e1 perto de um acerto com a Ponte Preta."},"655673":{"titulo":"Erros de arbitragem nas quartas de finais do Paulist\u00e3o geram discuss\u00e3o no Camarote Rede Fam\u00edlia desta segunda","link":"https:\/\/www.futebolinterior.com.br\/erros-de-arbitragem-nas-quartas-de-finais-do-paulistao-geram-discussao-no-camarote-rede-familia-desta-segunda\/","chapeu":"IMPERD\u00cdVEL!","data":"13\/04\/2015","imagem":"https:\/\/images.futebolinterior.com.br\/2021\/04\/0002050072336_img-300x180.jpg","resumo":"O programa \u201cCamarote\", da Rede Fam\u00edlia de Televis\u00e3o, contou, nesta segunda-feira, com a participa\u00e7\u00e3o especial de R\u00e9gis Angeli, t\u00e9cnico do Botafogo de Ribeir\u00e3o Preto, "},"655679":{"titulo":"Quartas, S\u00e9rie D e empate com Tim\u00e3o: Allan Dias, do Red Bull, analisa campanha no Paulist\u00e3o","link":"https:\/\/www.futebolinterior.com.br\/quartas-serie-d-e-empate-com-timao-allan-dias-do-red-bull-analisa-campanha-no-paulistao\/","chapeu":"AN\u00c1LISE!","data":"13\/04\/2015","imagem":"https:\/\/images.futebolinterior.com.br\/2021\/04\/0002050072329_img-300x200.jpg","resumo":"Quartas, S\u00e9rie D e empate com Corinthians: Allan Dias, do Red Bull, analisa campanha no Paulist\u00e3o"},"655689":{"titulo":"Quem n\u00e3o tem Rio-S\u00e3o Paulo vai de Madureira","link":"https:\/\/www.futebolinterior.com.br\/quem-nao-tem-rio-sao-paulo-vai-de-madureira\/","chapeu":"OPINI\u00c3O","data":"13\/04\/2015","imagem":"https:\/\/images.futebolinterior.com.br\/2021\/04\/0002050072325_img-300x300.jpg","resumo":"Os dois principais estaduais do Brasil, precisaram de seus t\u00e9rminos das fases classificat\u00f3rias, para mostrar que os quatro grandes do Rio e de S\u00e3o Paulo \u00e9 que v\u00e3o disputar o t\u00edtulo"},"655693":{"titulo":"Presidente termina com qualquer especula\u00e7\u00e3o e confirma Red Bull na S\u00e9rie D","link":"https:\/\/www.futebolinterior.com.br\/presidente-termina-com-qualquer-especulacao-e-confirma-red-bull-na-serie-d\/","chapeu":"VAI JOGAR!","data":"13\/04\/2015","imagem":"https:\/\/images.futebolinterior.com.br\/2021\/04\/0002050072322_img-225x300.jpg","resumo":"XV de Piracicaba seria o principal beneficiado em caso de desist\u00eancia do Toro Loko"},"655726":{"titulo":"Fifa cobra e Federa\u00e7\u00e3o Paulista cancela contrato de patroc\u00ednio \u00e0 arbitragem","link":"https:\/\/www.futebolinterior.com.br\/fifa-cobra-e-federacao-paulista-cancela-contrato-de-patrocinio-a-arbitragem\/","chapeu":"PRONTO, VERD\u00c3O!","data":"13\/04\/2015","imagem":"https:\/\/images.futebolinterior.com.br\/2021\/04\/0002050072316_img-300x169.jpg","resumo":"A Crefisa, parceira do Palmeiras, estampou a camisa dos ju\u00edzes e rolou cr\u00edticas de ambas as partes, at\u00e9 do Verd\u00e3o"},"655732":{"titulo":"Paulist\u00e3o: Ainda sem confirma\u00e7\u00e3o de dengue, Guerrero segue sem previs\u00e3o de alta","link":"https:\/\/www.futebolinterior.com.br\/paulistao-ainda-sem-confirmacao-de-dengue-guerrero-segue-sem-previsao-de-alta\/","chapeu":"XIII...","data":"13\/04\/2015","imagem":"https:\/\/images.futebolinterior.com.br\/2021\/04\/0002050072313_img-300x225.jpg","resumo":"Internado no s\u00e1bado com forte suspeita de dengue, Paolo Guerrero segue sem previs\u00e3o de alta no Hospital S\u00e3o Luiz. De acordo com boletim m\u00e9dico divulgado nesta segunda-feira, o atac"},"655720":{"titulo":"Portuguesa reformula seu Departamento de Futebol para S\u00e9rie C","link":"https:\/\/www.futebolinterior.com.br\/portuguesa-reformula-seu-departamento-de-futebol-para-serie-c\/","chapeu":"CONFIRA!","data":"13\/04\/2015","imagem":"https:\/\/images.futebolinterior.com.br\/2021\/04\/0002050072308_img-300x200.jpg","resumo":"A lista de dispensa do atual elenco sair\u00e1 nos pr\u00f3ximos dias"},"655775":{"titulo":"Presidente do S\u00e3o Paulo promete novo projeto para modernizar Morumbi","link":"https:\/\/www.futebolinterior.com.br\/presidente-do-sao-paulo-promete-novo-projeto-para-modernizar-morumbi\/","chapeu":"INOVADOR","data":"13\/04\/2015","imagem":"https:\/\/images.futebolinterior.com.br\/2021\/04\/0002050072299_img-300x253.jpg","resumo":"O objetivo de Aidar \u00e9 j\u00e1 apresentar o projeto com a inclus\u00e3o de informa\u00e7\u00f5es como a construtora respons\u00e1vel e o nome das empresas parceiras"}}