{"655746":{"titulo":"Edu Gaspar nega favoritismo do Corinthians na semifinal contra o Palmeiras","link":"https:\/\/www.futebolinterior.com.br\/edu-gaspar-nega-favoritismo-do-corinthians-na-semifinal-contra-o-palmeiras\/","chapeu":"NADA DISSO","data":"13\/04\/2015","imagem":"https:\/\/images.futebolinterior.com.br\/2021\/04\/0002050072297_img.jpg","resumo":"Edu alertou para a import\u00e2ncia do confronto, que definir\u00e1 o finalista em partida \u00fanica"},"655755":{"titulo":"Maior artilheiro das Copas, Klose pode jogar Brasileir\u00e3o por time de S\u00e3o Paulo","link":"https:\/\/www.futebolinterior.com.br\/maior-artilheiro-das-copas-klose-pode-jogar-brasileirao-por-time-de-sao-paulo\/","chapeu":"CONFIRA!","data":"13\/04\/2015","imagem":"https:\/\/images.futebolinterior.com.br\/2021\/04\/0002050072290_img-300x225.jpg","resumo":"S\u00e3o Paulo e Palmeiras seriam os favoritos na briga pelo alem\u00e3o"},"655759":{"titulo":"Ponte Preta fatura metade de sua folha salarial com premia\u00e7\u00f5es do Paulist\u00e3o","link":"https:\/\/www.futebolinterior.com.br\/ponte-preta-fatura-metade-de-sua-folha-salarial-com-premiacoes-do-paulistao\/","chapeu":"VALEU A PENA?","data":"13\/04\/2015","imagem":"https:\/\/images.futebolinterior.com.br\/2021\/04\/0002050072288_img-300x207.jpg","resumo":"As discuss\u00f5es sobre o fim dos Estaduais se acirraram ainda mais neste ano, sobretudo com as brigas de Flamengo e Fluminense no Carioca."},"655793":{"titulo":"Com dengue, Guerrero fica 15 dias fora e ser\u00e1 desfalque em 'decis\u00f5es'","link":"https:\/\/www.futebolinterior.com.br\/com-dengue-guerrero-fica-15-dias-fora-e-sera-desfalque-em-decisoes\/","chapeu":"FORA","data":"13\/04\/2015","imagem":"https:\/\/images.futebolinterior.com.br\/2021\/04\/0002050072269_img-300x199.jpg","resumo":"Guerrero ficar\u00e1 pelo menos 15 dias fora de combate. Essa \u00e9 a previs\u00e3o do departamento m\u00e9dico do Corinthians, independentemente dos resultados dos exames a que o atacante"},"655818":{"titulo":"FPF confirma jogos da semifinal do Paulista para o domingo. Confira!","link":"https:\/\/www.futebolinterior.com.br\/fpf-confirma-jogos-da-semifinal-do-paulista-para-o-domingo-confira\/","chapeu":"NO MESMO DIA!","data":"13\/04\/2015","imagem":"https:\/\/images.futebolinterior.com.br\/2021\/04\/0002050072237_img-300x168.jpg","resumo":"A Federa\u00e7\u00e3o Paulista de Futebol (FPF) divulgou, na manh\u00e3 desta segunda-feira, as datas e hor\u00e1rios das semifinais do Campeonato Paulista. O Corinthians, time com melhor campanha na "},"655825":{"titulo":"Paulist\u00e3o: Oswaldo pode perder at\u00e9 4 titulares do Palmeiras para a semifinal","link":"https:\/\/www.futebolinterior.com.br\/paulistao-oswaldo-pode-perder-ate-4-titulares-do-palmeiras-para-a-semifinal\/","chapeu":"COMPLICOU?","data":"13\/04\/2015","imagem":"https:\/\/images.futebolinterior.com.br\/2021\/04\/0002050072236_img-300x169.jpg","resumo":"Antes mesmo de saber quem seria o advers\u00e1rio na semifinal do Campeonato Paulista, o t\u00e9cnico do Palmeiras, Oswaldo de Oliveira, j\u00e1 estava preocupado com a possibilidade de ter desfa"},"655823":{"titulo":"Paulist\u00e3o: Ponte Preta entra com representa\u00e7\u00e3o contra assistente da partida contra o Corinthians","link":"https:\/\/www.futebolinterior.com.br\/paulistao-ponte-preta-entra-com-representacao-contra-assistente-da-partida-contra-o-corinthians\/","chapeu":"QUER JUSTI\u00c7A","data":"13\/04\/2015","imagem":0,"resumo":"Mesmo com a derrota para o Corinthians no \u00faltimo s\u00e1bado, a Ponte Preta sagrou-se campe\u00e3 do interior, terminando em primeiro lugar excluindo os quatros clubes considerados Grandes"},"655830":{"titulo":"Paulist\u00e3o: Ap\u00f3s boa campanha do Botafogo, Rog\u00e9rio Barizza foca em pagamentos de atrasados","link":"https:\/\/www.futebolinterior.com.br\/paulistao-apos-boa-campanha-do-botafogo-rogerio-barizza-foca-em-pagamentos-de-atrasados\/","chapeu":"NOS TRINQUES","data":"13\/04\/2015","imagem":"https:\/\/images.futebolinterior.com.br\/2021\/04\/0002050072228_img-300x200.jpg","resumo":" Pelo segundo ano consecutivo, o Botafogo deu orgulho ao seu torcedor. Mesmo sem receber as mesmas cotas milion\u00e1rias da Federa\u00e7\u00e3o oferecidas"},"655850":{"titulo":"S\u00e3o Paulo pode ter semana com novo t\u00e9cnico e retorno de artilheiro","link":"https:\/\/www.futebolinterior.com.br\/sao-paulo-pode-ter-semana-com-novo-tecnico-e-retorno-de-artilheiro\/","chapeu":"QUEM VEM?","data":"13\/04\/2015","imagem":"https:\/\/images.futebolinterior.com.br\/2021\/04\/0002050072212_img-300x193.jpg","resumo":"Luis Fabiano n\u00e3o marca gol desde fevereiro e pode ser uma aposta tamb\u00e9m para disputar uma vaga na decis\u00e3o do Campeonato Paulista"},"655853":{"titulo":"Conselho do Corinthians analisa contas de Gobbi","link":"https:\/\/www.futebolinterior.com.br\/conselho-do-corinthians-analisa-contas-de-gobbi\/","chapeu":"HORA DA VERDADE","data":"13\/04\/2015","imagem":"https:\/\/images.futebolinterior.com.br\/2021\/04\/0002050072210_img-300x225.jpg","resumo":"O relat\u00f3rio apresentado pelo ex-diretor financeiro Raul Corr\u00eaa da Silva mostra que 2014 foi um ano muito dif\u00edcil para o clube"}}