{"655423":{"titulo":"Paulist\u00e3o: Ap\u00f3s garantir S\u00e3o Bento na elite, Paulo Roberto segue com futuro indefinido","link":"https:\/\/www.futebolinterior.com.br\/paulistao-apos-garantir-sao-bento-na-elite-paulo-roberto-segue-com-futuro-indefinido\/","chapeu":"VAI PRA ONDE?","data":"14\/04\/2015","imagem":"https:\/\/images.futebolinterior.com.br\/2021\/04\/0002050072542_img-300x200.jpg","resumo":"O treinador tem grandes chances de seguir no Bent\u00e3o para a disputa da Copa Paulista"},"655484":{"titulo":"Paulsit\u00e3o: Presidente do Santos v\u00ea 'encaminhada' renova\u00e7\u00e3o de Ricardo Oliveira e Robinho","link":"https:\/\/www.futebolinterior.com.br\/paulsitao-presidente-do-santos-ve-encaminhada-renovacao-de-ricardo-oliveira-e-robinho\/","chapeu":"SER\u00c1?","data":"14\/04\/2015","imagem":"https:\/\/images.futebolinterior.com.br\/2021\/04\/0002050072527_img-300x169.jpg","resumo":"Elano \u00e9 outro que deve ter contrato prorrogado no Peixe"},"655449":{"titulo":"Mogi Mirim 'rouba' t\u00e9cnico da S\u00e9rie A3, que far\u00e1 companhia ao filho de Pel\u00e9","link":"https:\/\/www.futebolinterior.com.br\/mogi-mirim-rouba-tecnico-da-serie-a3-que-fara-companhia-ao-filho-de-pele\/","chapeu":"FICOU MALUCO?","data":"14\/04\/2015","imagem":"https:\/\/images.futebolinterior.com.br\/2021\/04\/0002050072522_img-300x200.jpg","resumo":" Dependendo apenas de si para classifica\u00e7\u00e3o \u00e0 pr\u00f3xima fase da S\u00e9rie A3, o Primavera ter\u00e1 um grande desfalque para este final de semana"},"655527":{"titulo":"Paulist\u00e3o: Z\u00e9 Roberto \u00e9 d\u00favida para cl\u00e1ssico e Aranha est\u00e1 com dengue","link":"https:\/\/www.futebolinterior.com.br\/paulistao-ze-roberto-e-duvida-para-classico-e-aranha-esta-com-dengue\/","chapeu":"D\u00daVIDA!","data":"14\/04\/2015","imagem":"https:\/\/images.futebolinterior.com.br\/2021\/04\/0002050072483_img.jpg","resumo":"O lateral Z\u00e9 Roberto, do Palmeiras, vai fazer tratamento di\u00e1rio para tentar jogar a semifinal do Campeonato Paulista contra o Corinthians, no pr\u00f3ximo domingo, no Itaquer\u00e3o"},"655548":{"titulo":"Luis Fabiano, do S\u00e3o Paulo, admite sondagem do Orlando City, time de Kak\u00e1","link":"https:\/\/www.futebolinterior.com.br\/luis-fabiano-do-sao-paulo-admite-sondagem-do-orlando-city-time-de-kaka\/","chapeu":"BYE, SAMPA!","data":"14\/04\/2015","imagem":"https:\/\/images.futebolinterior.com.br\/2021\/04\/0002050072461_img-300x193.jpg","resumo":"Foram sete jogos fora do S\u00e3o Paulo por les\u00e3o at\u00e9 Luis Fabiano conseguir se recuperar de uma contratura na coxa direita. Jogador admitiu sondagem do Orlando City de Kak\u00e1."},"655544":{"titulo":"Troca a vista? Sport estuda a contrata\u00e7\u00e3o de Rildo, da Ponte Preta","link":"https:\/\/www.futebolinterior.com.br\/troca-a-vista-sport-estuda-a-contratacao-de-rildo-da-ponte-preta\/","chapeu":"TOMA L\u00c1 D\u00c1 C\u00c1?","data":"14\/04\/2015","imagem":"https:\/\/images.futebolinterior.com.br\/2021\/04\/0002050072454_img-300x196.jpg","resumo":"Ainda em meio as negocia\u00e7\u00f5es de renova\u00e7\u00e3o de contrato com o atacante Felipe Azevedo, o Sport j\u00e1 estuda uma nova op\u00e7\u00e3o para a posi\u00e7\u00e3o. "},"655582":{"titulo":"XV de Piracicaba define situa\u00e7\u00e3o do elenco ap\u00f3s final do Paulist\u00e3o","link":"https:\/\/www.futebolinterior.com.br\/xv-de-piracicaba-define-situacao-do-elenco-apos-final-do-paulistao\/","chapeu":"QUEM FICA?","data":"14\/04\/2015","imagem":"https:\/\/images.futebolinterior.com.br\/2021\/04\/0002050072429_img-300x183.jpg","resumo":" O departamento de futebol do XV de Piracicaba definiu a situa\u00e7\u00e3o do elenco que encerrou a participa\u00e7\u00e3o no Campeonato Paulista 2015 no \u00faltimo domingo"},"655603":{"titulo":"Libertadores: Hospital confirma dengue e Guerrero segue sem previs\u00e3o de alta","link":"https:\/\/www.futebolinterior.com.br\/libertadores-hospital-confirma-dengue-e-guerrero-segue-sem-previsao-de-alta\/","chapeu":"QUE PROBLEM\u00c3O!","data":"14\/04\/2015","imagem":"https:\/\/images.futebolinterior.com.br\/2021\/04\/0002050072426_img-300x225.jpg","resumo":"O Hospital S\u00e3o Luiz, no bairro do Morumbi, em S\u00e3o Paulo, finalmente confirmou na manh\u00e3 desta ter\u00e7a-feira que o atacante Paolo Guerrero, do Corinthians, est\u00e1 com dengue."},"655601":{"titulo":"Ponte Preta pode disputar atacante Jobson do Botafogo com Fluminense","link":"https:\/\/www.futebolinterior.com.br\/ponte-preta-pode-disputar-atacante-jobson-do-botafogo-com-fluminense\/","chapeu":"MERCADO!","data":"14\/04\/2015","imagem":"https:\/\/images.futebolinterior.com.br\/2021\/04\/0002050072418_img-300x201.jpg","resumo":"Empres\u00e1rio do Jobson, Rodolpho Cezar, teria revelado propostas de Fluminense, da Ponte Preta e do exterior"},"655605":{"titulo":"Botafogo-SP indica que utilizar\u00e1 jogadores da base para a disputa da S\u00e9rie D","link":"https:\/\/www.futebolinterior.com.br\/botafogo-sp-indica-que-utilizara-jogadores-da-base-para-a-disputa-da-serie-d\/","chapeu":"MUDAN\u00c7AS","data":"14\/04\/2015","imagem":"https:\/\/images.futebolinterior.com.br\/2021\/04\/0002050072412_img-300x200.jpg","resumo":" Depois da classifica\u00e7\u00e3o para o Campeonato Brasileiro da S\u00e9rie D, o Botafogo promete uma grande reestrutura\u00e7\u00e3o do seu Departamento de Futebol "}}