{"568680":{"titulo":"Segundona: Jos\u00e9 Bonif\u00e1cio est\u00e1 com quase tudo pronto para a estreia no estadual","link":"https:\/\/www.futebolinterior.com.br\/segundona-jose-bonifacio-esta-com-quase-tudo-pronto-para-a-estreia-no-estadual\/","chapeu":"FOCADOS!","data":"12\/04\/2016","imagem":"https:\/\/images.futebolinterior.com.br\/2021\/04\/0002050157992_img-300x225.jpg","resumo":"Em rela\u00e7\u00e3o ao time, j\u00e1 est\u00e1 quase tudo completo com 19 atletas inscritos para a primeira rodada contra a Inter de Bebedouro"},"568341":{"titulo":"Segundona: Gr\u00eamio Prudente apresenta tr\u00eas jogadores para a temporada","link":"https:\/\/www.futebolinterior.com.br\/segundona-gremio-prudente-apresenta-tres-jogadores-para-a-temporada\/","chapeu":"T\u00c3O CHEGANDO!","data":"12\/04\/2016","imagem":"https:\/\/images.futebolinterior.com.br\/2021\/04\/0002050157986_img-300x225.jpg","resumo":"O prudentino estreia no estadual no pr\u00f3ximo s\u00e1bado, contra o Tup\u00e3, \u00e0s 16h00, no Est\u00e1dio Municipal Paulo Constantino"},"568543":{"titulo":"Segundona: Santacruzense inscreve vinte e dois atletas para a estreia no estadual","link":"https:\/\/www.futebolinterior.com.br\/segundona-santacruzense-inscreve-vinte-e-dois-atletas-para-a-estreia-no-estadual\/","chapeu":"ESCOLHIDOS","data":"12\/04\/2016","imagem":"https:\/\/images.futebolinterior.com.br\/2021\/04\/0002050157982_img-300x200.jpg","resumo":"Outra novidade \u00e9 que o gramado do Est\u00e1dio Le\u00f4nidas Camarinha foi totalmente reformado e est\u00e1 pronto para receber jogos"},"570107":{"titulo":"Segundona: Am\u00e9rica de Rio Preto apresenta mais tr\u00eas refor\u00e7os para a temporada","link":"https:\/\/www.futebolinterior.com.br\/segundona-america-de-rio-preto-apresenta-mais-tres-reforcos-para-a-temporada\/","chapeu":"AI SIM!","data":"12\/04\/2016","imagem":"https:\/\/images.futebolinterior.com.br\/2021\/04\/0002050157979_img-300x283.jpg","resumo":"O time comandado por Deto Pereira faz a sua estreia no pr\u00f3ximo domingo, \u00e0s 10 horas da manh\u00e3, em Birigui, contra o Bandeirante"},"568940":{"titulo":"Veja os maiores gola\u00e7os e as pixotadas da rodada no Top 3 e Top -3 do Portal FI!","link":"https:\/\/www.futebolinterior.com.br\/veja-os-maiores-golacos-e-as-pixotadas-da-rodada-no-top-3-e-top-3-do-portal-fi\/","chapeu":"CONFIRA!","data":"11\/04\/2016","imagem":0,"resumo":"A novidade do Portal Futebol Interior apresenta os melhores e piores lances ap\u00f3s a rodada do final de semana"},"568982":{"titulo":"Segundona: Depois de dois anos, XV de Ja\u00fa volta a jogar no Est\u00e1dio Zezinho Magalh\u00e3es","link":"https:\/\/www.futebolinterior.com.br\/segundona-depois-de-dois-anos-xv-de-jau-volta-a-jogar-no-estadio-zezinho-magalhaes\/","chapeu":"T\u00c1 VOLTANDO","data":"11\/04\/2016","imagem":"https:\/\/images.futebolinterior.com.br\/2021\/04\/0002050157586_img-300x225.jpg","resumo":"Durante a pr\u00e9-temporada o time realizou cinco jogos-treino e venceu todos, at\u00e9 por isso expectativa para o estadual \u00e9 a melhor poss\u00edvel"},"569003":{"titulo":"Segundona: Em fase final de prepara\u00e7\u00e3o, Cats perde jogo-treino para Sub 23 do Santos","link":"https:\/\/www.futebolinterior.com.br\/segundona-em-fase-final-de-preparacao-cats-perde-jogo-treino-para-sub-23-do-santos\/","chapeu":"AT\u00c9 QUE T\u00c1 BOM","data":"11\/04\/2016","imagem":"https:\/\/images.futebolinterior.com.br\/2021\/04\/0002050157572_img-300x200.jpg","resumo":"A atividade, no est\u00e1dio Jos\u00e9 Feres, em Tabo\u00e3o da Serra, foi dividida em duas etapas, com dois tempos de 45 minutos cada"},"569478":{"titulo":"Soci\u00f3logo critica a\u00e7\u00f5es para coibir viol\u00eancia no futebol: 'Est\u00e3o enxugando gelo'","link":"https:\/\/www.futebolinterior.com.br\/sociologo-critica-acoes-para-coibir-violencia-no-futebol-estao-enxugando-gelo\/","chapeu":"TEM SOLU\u00c7\u00c3O?","data":"10\/04\/2016","imagem":"https:\/\/images.futebolinterior.com.br\/2021\/04\/0002050157251_img-300x169.jpg","resumo":"Maur\u00edcio Murad estuda viol\u00eancia no futebol h\u00e1 26 anos e entende que a situa\u00e7\u00e3o tende a continuar"},"569422":{"titulo":"Segundona: Santacruzense faz seu \u00faltimo jogo de prepara\u00e7\u00e3o antes da estreia","link":"https:\/\/www.futebolinterior.com.br\/segundona-santacruzense-faz-seu-ultimo-jogo-de-preparacao-antes-da-estreia\/","chapeu":"FOCADOS!","data":"09\/04\/2016","imagem":"https:\/\/images.futebolinterior.com.br\/2021\/04\/0002050157192_img.jpg","resumo":"O treinador Carlos Alberto Seixas tem aproveitado para dar mais conjunto ao time e oportunidade a alguns jogadores"},"569552":{"titulo":"Segundona: Uni\u00e3o Mogi define os 23 jogadores inscritos para a disputa do estadual","link":"https:\/\/www.futebolinterior.com.br\/segundona-uniao-mogi-define-os-23-jogadores-inscritos-para-a-disputa-do-estadual\/","chapeu":"ESCOLHIDOS","data":"09\/04\/2016","imagem":"https:\/\/images.futebolinterior.com.br\/2021\/04\/0002050157179_img-300x225.jpg","resumo":"O time poderia ter inscrito 28 atletas, mas preferiu deixar algumas vagas em aberto nas primeiras rodadas"}}