{"567714":{"titulo":"Segundona: XV de Ja\u00fa se prepara para a estreia diante do Tanabi, nesse domingo","link":"https:\/\/www.futebolinterior.com.br\/segundona-xv-de-jau-se-prepara-para-a-estreia-diante-do-tanabi-nesse-domingo\/","chapeu":"\u00daLTIMOS TOQUES","data":"15\/04\/2016","imagem":"https:\/\/images.futebolinterior.com.br\/2021\/04\/0002050158753_img-300x169.jpg","resumo":"Esse ser\u00e1 o primeiro jogo do galo da Comarca na quarta divis\u00e3o estadual "},"567827":{"titulo":"Segundona: Pelo terceiro ano, Poupafarma vai patrocinar a Portuguesa Santista","link":"https:\/\/www.futebolinterior.com.br\/segundona-pelo-terceiro-ano-poupafarma-vai-patrocinar-a-portuguesa-santista\/","chapeu":"FECHOU!","data":"15\/04\/2016","imagem":"https:\/\/images.futebolinterior.com.br\/2021\/04\/0002050158752_img-300x239.jpg","resumo":"O diretor de futebol da Portuguesa Santista, Wladimir Matos, enaltece a renova\u00e7\u00e3o da parceria por mais uma temporada e destaca a\u00e7\u00f5es"},"569283":{"titulo":"Segundona: Em treino, Lelo faz os ajustes finais no Gr\u00eamio Prudente para a estreia","link":"https:\/\/www.futebolinterior.com.br\/segundona-em-treino-lelo-faz-os-ajustes-finais-no-gremio-prudente-para-a-estreia\/","chapeu":"T\u00c3O BEM !","data":"15\/04\/2016","imagem":"https:\/\/images.futebolinterior.com.br\/2021\/04\/0002050158745_img-300x183.jpg","resumo":"O comandante gremista falou sobre os pontos finais que foram estabelecidos no treinamento t\u00e1tico"},"568021":{"titulo":"R\u00e1dio Bebedouro transmite a estr\u00e9ia da Inter na Segundona","link":"https:\/\/www.futebolinterior.com.br\/radio-bebedouro-transmite-a-estreia-da-inter-na-segundona\/","chapeu":"SHOW DE BOLA!","data":"15\/04\/2016","imagem":"https:\/\/images.futebolinterior.com.br\/2021\/04\/0002050158737_img-300x238.jpg","resumo":"R\u00e1dio Bebedouro transmite a estr\u00e9ia da Inter na Segundona\r\n"},"568033":{"titulo":"Segundona: Jos\u00e9 Bonif\u00e1cio apresenta parte do elenco para a disputa do estadual","link":"https:\/\/www.futebolinterior.com.br\/segundona-jose-bonifacio-apresenta-parte-do-elenco-para-a-disputa-do-estadual\/","chapeu":"VAI COME\u00c7AR","data":"15\/04\/2016","imagem":"https:\/\/images.futebolinterior.com.br\/2021\/04\/0002050158728_img-300x180.jpg","resumo":" O t\u00e9cnico ser\u00e1 Devair Pereira, que comandou o Am\u00e9rica de Rio Preto, no \u00faltimo ano "},"568048":{"titulo":"Segundona: Assisense realiza \u00faltimo treino nessa sexta-feira antes da estreia","link":"https:\/\/www.futebolinterior.com.br\/segundona-assisense-realiza-ultimo-treino-nessa-sexta-feira-antes-da-estreia\/","chapeu":"FOCADOS!","data":"15\/04\/2016","imagem":"https:\/\/images.futebolinterior.com.br\/2021\/04\/0002050158720_img-300x225.jpg","resumo":"Durante o treinamento, o t\u00e9cnico Vitor Nardi, priorizou jogadas ensaiadas e bolas paradas, para servir como elemento surpresa "},"567635":{"titulo":"Segundona: Hist\u00f3rico de confrontos entre Santacruzense e Osvaldo Cruz \u00e9 equilibrado","link":"https:\/\/www.futebolinterior.com.br\/segundona-historico-de-confrontos-entre-santacruzense-e-osvaldo-cruz-e-equilibrado\/","chapeu":"T\u00c1 IGUAL!","data":"15\/04\/2016","imagem":"https:\/\/images.futebolinterior.com.br\/2021\/04\/0002050158700_img-300x216.jpg","resumo":"Em nove partidas jogadas entre os dois, cada time venceu quatro e empataram apenas uma vez"},"567645":{"titulo":"Segundona: Am\u00e9rica tem d\u00favida para a estr\u00e9ia contra o Bandeirante nesse s\u00e1bado","link":"https:\/\/www.futebolinterior.com.br\/segundona-america-tem-duvida-para-a-estreia-contra-o-bandeirante-nesse-sabado\/","chapeu":"FOCADOS!","data":"15\/04\/2016","imagem":"https:\/\/images.futebolinterior.com.br\/2021\/04\/0002050158695_img-300x171.jpg","resumo":"Para o treinador Deto Pereira, a equipe j\u00e1 entra no estadual querendo vencer, mas sempre respeitando o advers\u00e1rio"},"567803":{"titulo":"Segundona: Bandeirante est\u00e1 pronto para a estreia do estadual contra o Am\u00e9rica","link":"https:\/\/www.futebolinterior.com.br\/segundona-bandeirante-esta-pronto-para-a-estreia-do-estadual-contra-o-america\/","chapeu":"PREPARADOS","data":"15\/04\/2016","imagem":"https:\/\/images.futebolinterior.com.br\/2021\/04\/0002050158692_img-273x300.jpg","resumo":"O Tricolor da Noroeste Paulista vai disputar a competi\u00e7\u00e3o com um time na idade m\u00e9dia de 19 anos"},"568430":{"titulo":"Segundona: Am\u00e9rica anuncia mais refor\u00e7os e data da estreia \u00e9 alterada","link":"https:\/\/www.futebolinterior.com.br\/segundona-america-anuncia-mais-reforcos-e-data-da-estreia-e-alterada\/","chapeu":"NOVIDADES!","data":"13\/04\/2016","imagem":"https:\/\/images.futebolinterior.com.br\/2021\/04\/0002050158054_img.jpg","resumo":"O time acertou com o meio-campista Matheus, ex-Fernand\u00f3polis e o atacante Washington, ex-Red Bull e Uni\u00e3o Barbarense."}}