{"569674":{"titulo":"Em festa SAFESP comemora 35 anos de exist\u00eancia","link":"https:\/\/www.futebolinterior.com.br\/em-festa-safesp-comemora-35-anos-de-existencia\/","chapeu":"PARAB\u00c9NS","data":"09\/04\/2016","imagem":"https:\/\/images.futebolinterior.com.br\/2021\/04\/0002050157083_img-300x130.jpg","resumo":"H\u00e1 exatos 35 anos nascia em S\u00e3o Paulo o Sindicato dos \u00c1rbitros de Futebol do Estado de S\u00e3o Paulo (SAFESP). Fundado em 09\/04\/1947, o Sindicato foi planejado h\u00e1 d\u00e9cadas"},"570969":{"titulo":"\u200bSAFESP conquista vit\u00f3ria que beneficiar\u00e1 \u00e1rbitros do Sub 15 e 17","link":"https:\/\/www.futebolinterior.com.br\/%e2%80%8bsafesp-conquista-vitoria-que-beneficiara-arbitros-do-sub-15-e-17\/","chapeu":"GRANDE VIT\u00d3RIA","data":"09\/04\/2016","imagem":"https:\/\/images.futebolinterior.com.br\/2021\/04\/0002050157082_img-300x130.jpg","resumo":"O SAFESP conquistou grande vit\u00f3ria e a partir de agora os \u00e1rbitros do Sub 15 e Sub 17 recebem seus pagamentos antes mesmo de apitar seus jogos."},"571209":{"titulo":"Segundona: Jogo-treino de prepara\u00e7\u00e3o entre Portugusa Santista e Amparo \u00e9 cancelado","link":"https:\/\/www.futebolinterior.com.br\/segundona-jogo-treino-de-preparacao-entre-portugusa-santista-e-amparo-e-cancelado\/","chapeu":"N\u00c3O TEVE!","data":"08\/04\/2016","imagem":"https:\/\/images.futebolinterior.com.br\/2021\/04\/0002050156893_img-300x183.jpg","resumo":"O clube do interior alegou problemas de log\u00edstica e por isso cancelou o amistoso que iria acontecer no Est\u00e1dio Ulrico Mursa em Santos"},"569927":{"titulo":"Segundona: Atacante do Ara\u00e7atuba \u00e9 atingido na perna por uma bala perdida em tiroteio","link":"https:\/\/www.futebolinterior.com.br\/segundona-atacante-do-aracatuba-e-atingido-na-perna-por-uma-bala-perdida-em-tiroteio\/","chapeu":"VISH!","data":"08\/04\/2016","imagem":"https:\/\/images.futebolinterior.com.br\/2021\/04\/0002050156874_img-300x169.jpg","resumo":"O jogador carioca estava na frente da casa do presidente do clube, quando ouviu os disparos "},"569840":{"titulo":"Segundona: Santacruzense vence mais um jogo-treino de prepara\u00e7\u00e3o para o estadual","link":"https:\/\/www.futebolinterior.com.br\/segundona-santacruzense-vence-mais-um-jogo-treino-de-preparacao-para-o-estadual\/","chapeu":"T\u00c1 BEM!","data":"08\/04\/2016","imagem":"https:\/\/images.futebolinterior.com.br\/2021\/04\/0002050156869_img-300x207.jpg","resumo":"O placar de 1x0 n\u00e3o refletiu o bom jogo que foi realizado nessa quarta-feira entre o a Locomotiva e o XV de Ja\u00fa"},"569924":{"titulo":"Am\u00e9rica de Rio Preto pode ter est\u00e1dio Teixeir\u00e3o demolido. Triste fim!","link":"https:\/\/www.futebolinterior.com.br\/america-de-rio-preto-pode-ter-estadio-teixeirao-demolido-triste-fim\/","chapeu":"EM RU\u00cdNAS!","data":"07\/04\/2016","imagem":"https:\/\/images.futebolinterior.com.br\/2021\/04\/0002050156756_img-300x225.jpg","resumo":"O Am\u00e9rica corre o risco de perder seu maior patrim\u00f4nio, o est\u00e1dio Benedito Teixeira. O juiz Marco Aur\u00e9lio Gon\u00e7alves, da 1\u00aa Vara da Fazenda de S\u00e3o Jos\u00e9 Rio Preto."},"571414":{"titulo":"Segundona: Vitor Nardi volta a comandar o Assisense nessa temporada","link":"https:\/\/www.futebolinterior.com.br\/segundona-vitor-nardi-volta-a-comandar-o-assisense-nessa-temporada\/","chapeu":"ELE MESMO!","data":"07\/04\/2016","imagem":"https:\/\/images.futebolinterior.com.br\/2021\/04\/0002050156709_img.jpg","resumo":"Em rela\u00e7\u00e3o ao Assisense, o treinador espera uma equipe guerreira e dedicada, para conseguir surpreender no estadual "},"569988":{"titulo":"Segundona: Tabo\u00e3o da Serra se prepara para estadual e inova com \u201ct\u00e9cnicos rotativos\u201d","link":"https:\/\/www.futebolinterior.com.br\/segundona-taboao-da-serra-se-prepara-para-estadual-e-inova-com-tecnicos-rotativos\/","chapeu":"BOA ID\u00c9IA","data":"07\/04\/2016","imagem":"https:\/\/images.futebolinterior.com.br\/2021\/04\/0002050156697_img-300x200.png","resumo":"Entre os atletas do elenco, est\u00e3o os experientes atacantes Ed\u00edlson Capetinha, Tuta e Viola que j\u00e1 atuou no clube na temporada passada"},"569963":{"titulo":"Segundona: Ara\u00e7atuba vai mesclar jogadores experientes com jovens do Sub-20","link":"https:\/\/www.futebolinterior.com.br\/segundona-aracatuba-vai-mesclar-jogadores-experientes-com-jovens-do-sub-20\/","chapeu":"PREPARA\u00c7\u00c3O ","data":"07\/04\/2016","imagem":"https:\/\/images.futebolinterior.com.br\/2021\/04\/0002050156686_img-300x168.jpg","resumo":"No total, foram contratados 23 jogadores para a competi\u00e7\u00e3o com idade m\u00e9dia entre 19 e 25 anos"},"569689":{"titulo":"Segundona: Gr\u00eamio Prudente apresenta mais tr\u00eas refor\u00e7os para a temporada","link":"https:\/\/www.futebolinterior.com.br\/segundona-gremio-prudente-apresenta-mais-tres-reforcos-para-a-temporada\/","chapeu":"QUE ISSO!","data":"07\/04\/2016","imagem":"https:\/\/images.futebolinterior.com.br\/2021\/04\/0002050156669_img-300x205.jpg","resumo":"O \u00faltimo clube dos tr\u00eas atletas foi o Primavera de Indaiatuba, onde disputaram a S\u00e9rie A3 do Campeonato Paulista "}}