{"1874668":{"titulo":"S\u00e9rie C: Meia emprestado ao Remo-PA pode se mudar ao exterior","link":"https:\/\/www.futebolinterior.com.br\/meia-emprestado-pode-deixar-remo\/","chapeu":"ELE SAI?","data":"19\/07\/2023","imagem":"https:\/\/images.futebolinterior.com.br\/2023\/07\/pablo-roberto-remo-1-300x254.png","resumo":"O meia Pablo Roberto, que est\u00e1 emprestado ao Remo-PA pelo Vila Nova-GO, pode se transferir para o futebol do exterior"},"1874632":{"titulo":"S\u00e9rie C: Artilheiro do Paysandu-PA fala sobre momento e visa quebrar recorde pessoal","link":"https:\/\/www.futebolinterior.com.br\/artilheiro-paysandu-momento-e-recorde\/","chapeu":"CRAQUE!","data":"19\/07\/2023","imagem":"https:\/\/images.futebolinterior.com.br\/2023\/07\/mario-sergio-papa-1-300x213.png","resumo":"A vit\u00f3ria no cl\u00e1ssico n\u00e3o foi s\u00f3 moralmente importante para o Paysandu, como tamb\u00e9m ajudou o clube a colar no G8 da S\u00e9rie C"},"1874618":{"titulo":"S\u00e9rie C: Figueirense atrasa sal\u00e1rios e n\u00e3o tem previs\u00e3o de pagamento","link":"https:\/\/www.futebolinterior.com.br\/serie-c-figueirense-atrasa-salarios-e-nao-tem-previsao-de-pagamento\/","chapeu":"XIII","data":"19\/07\/2023","imagem":"https:\/\/images.futebolinterior.com.br\/2023\/06\/Figueirense-Abre-Serie-C-300x200.jpg","resumo":"Segundo o clube, o problema de fluxo de caixa foi o causador do problema"},"1874583":{"titulo":"S\u00e9rie C: Amazonas-AM anuncia rescis\u00e3o com atacante importante em t\u00edtulo in\u00e9dito","link":"https:\/\/www.futebolinterior.com.br\/amazonas-anuncia-rescisao-atacante\/","chapeu":"DEIXOU","data":"19\/07\/2023","imagem":"https:\/\/images.futebolinterior.com.br\/2023\/07\/imagem_2023-07-19_184416996-300x187.png","resumo":"La\u00e9rcio deixa o Amazonas-AM durante a disputa da S\u00e9rie C e depois de ter conquistado o in\u00e9dito Amazonense, em 2023"},"1874566":{"titulo":"S\u00e9rie C: Zagueiro do Brusque-SC exalta \u00faltimos resultados e prev\u00ea pr\u00f3ximo jogo","link":"https:\/\/www.futebolinterior.com.br\/zagueiro-brusque-exalta-resultados\/","chapeu":"CHEGA BEM","data":"19\/07\/2023","imagem":"https:\/\/images.futebolinterior.com.br\/2023\/07\/imagem_2023-07-19_181421039-300x211.png","resumo":"Danilo Bel\u00e3o analisa sequ\u00eancia do Brusque e agradece pelas oportunidades que voltou a receber com o t\u00e9cnico Luizinho Lopes"},"1874521":{"titulo":"S\u00e9rie C: Ap\u00f3s desencantar, atacante do Ypiranga confia na classifica\u00e7\u00e3o","link":"https:\/\/www.futebolinterior.com.br\/serie-c-apos-desencantar-atacante-do-ypiranga-confia-na-classificacao\/","chapeu":"NA BRIGA","data":"19\/07\/2023","imagem":"https:\/\/images.futebolinterior.com.br\/2023\/07\/mv-ypiranga01-300x195.jpg","resumo":"Autor de um dos gols sobre o Pouso Alegre, MV acredita que o Ypiranga tem chances de classifica\u00e7\u00e3o na S\u00e9rie C do Brasileiro"},"1874420":{"titulo":"S\u00e9rie C: CBF vistoria est\u00e1dios do Amazonas para jogos da sele\u00e7\u00e3o brasileira","link":"https:\/\/www.futebolinterior.com.br\/serie-c-cbf-vistoria-estadios-amazonas\/","chapeu":"VISTORIA!","data":"19\/07\/2023","imagem":"https:\/\/images.futebolinterior.com.br\/2023\/07\/arena-amazonia-300x164.png","resumo":"Nesta quarta-feira (19), a Confedera\u00e7\u00e3o Brasileira de Futebol (CBF) vistoriou os est\u00e1dios do Estado do Amazonas"},"1874270":{"titulo":"S\u00e9rie C: Remo-PA acerta com jovem atacante ex-Ponte Preta e Guarani","link":"https:\/\/www.futebolinterior.com.br\/serie-c-remo-pa-acerta-atacante\/","chapeu":"ANUNCIOU!","data":"19\/07\/2023","imagem":"https:\/\/images.futebolinterior.com.br\/2023\/07\/renanzinho-remo-300x195.png","resumo":"Nesta quarta-feira (19), o Remo-PA anunciou o atacante Renanzinho para a sequ\u00eancia da S\u00e9rie C do Campeonato Brasileiro"},"1874290":{"titulo":"S\u00e9rie B: \u00c1gua Santa pode tirar atacante do ABC e coloc\u00e1-lo no CSA","link":"https:\/\/www.futebolinterior.com.br\/serie-b-agua-santa-pode-tirar-atacante-do-abc-e-coloca-lo-no-csa\/","chapeu":"OPA!","data":"19\/07\/2023","imagem":"https:\/\/images.futebolinterior.com.br\/2023\/07\/Junior-Todinho-abc-1000x600.jpg-300x180.webp","resumo":""},"1873469":{"titulo":"S\u00e9rie C: CSA entra com pedido de Recupera\u00e7\u00e3o Judicial","link":"https:\/\/www.futebolinterior.com.br\/csa-pedido-recuperacao-judicial\/","chapeu":"D\u00cdVIDAS","data":"19\/07\/2023","imagem":"https:\/\/images.futebolinterior.com.br\/2023\/07\/torcida-csa-300x188.jpg","resumo":"CSA \u00e9 mais um clube brasileiro a solicitar suspens\u00e3o das d\u00edvidas, buscando cria\u00e7\u00e3o de uma SAF (Sociedade An\u00f4nima do Futebol)"}}