{"1873869":{"titulo":"S\u00e9rie C: CSA ganha volta de lateral diante do Paysandu","link":"https:\/\/www.futebolinterior.com.br\/csa-ganha-volta-lateral-paysandu\/","chapeu":"NOVIDADES","data":"18\/07\/2023","imagem":"https:\/\/images.futebolinterior.com.br\/2023\/04\/arnaldo-csa-300x169.jpg","resumo":"CSA tem importante volta ao time titular, \u00e0 medida que perde outro jogador para setor em confronto direto contra Pap\u00e3o por vaga no G-8"},"1873898":{"titulo":"S\u00e9rie C: Atacante do Botafogo comenta vit\u00f3ria em estreia: 'Degrau em degrau'","link":"https:\/\/www.futebolinterior.com.br\/atacante-botafogo-fala-vitoria-estreia\/","chapeu":"VENCEU","data":"18\/07\/2023","imagem":"https:\/\/images.futebolinterior.com.br\/2023\/07\/imagem_2023-07-18_181819015-300x209.png","resumo":"O atacante Danilo Mariotto fez sua estreia pelo Botafogo-PB no s\u00e1bado (15), em vit\u00f3ria sobre a Aparecidense-GO"},"1873884":{"titulo":"S\u00e9rie C: Paysandu-PA acerta com lateral ex-S\u00e3o Paulo e Ponte Preta","link":"https:\/\/www.futebolinterior.com.br\/paysandu-acerta-lateral-ex-spfc-aapp\/","chapeu":"ACERTO?","data":"18\/07\/2023","imagem":"https:\/\/images.futebolinterior.com.br\/2023\/07\/imagem_2023-07-18_174455378-300x156.png","resumo":"O Paysandu-PA deve ter a chegada do lateral-direito Anilson nos pr\u00f3ximos dias"},"1873851":{"titulo":"S\u00e9rie C: Oper\u00e1rio-PR repatria goleiro que estava disputando a S\u00e9rie D com o Cascavel-PR","link":"https:\/\/www.futebolinterior.com.br\/operario-repatria-goleiro-sd-cascavel\/","chapeu":"RETORNO","data":"18\/07\/2023","imagem":"https:\/\/images.futebolinterior.com.br\/2023\/07\/imagem_2023-07-18_171506451-300x177.png","resumo":"O Oper\u00e1rio-PR anunciou o goleiro Andr\u00e9 Luiz, de 27 anos, juntamente com o volante Eduardo Neto, de 34, que chega do Jap\u00e3o"},"1873600":{"titulo":"S\u00e9rie C: H\u00e9lio dos Anjos alerta erros do Paysandu-PA em cl\u00e1ssico: \"Lentid\u00e3o\"","link":"https:\/\/www.futebolinterior.com.br\/serie-c-helio-dos-anjos-erros-paysandu\/","chapeu":"VIT\u00d3RIA","data":"18\/07\/2023","imagem":"https:\/\/images.futebolinterior.com.br\/2023\/06\/helio-paysandu-300x179.jpg","resumo":"O treinador H\u00e9lio dos Anjos saiu aplaudido pelos torcedores do Paysandu-PA depois da vit\u00f3ria por 1 a 0 contra o Remo-PA"},"1873591":{"titulo":"S\u00e9rie C: T\u00e9cnico do Remo-PA assume erro em derrota para rival: \"O \u00fanico culpado\"","link":"https:\/\/www.futebolinterior.com.br\/serie-c-tecnico-do-remo-assume-erro\/","chapeu":"CULPA!","data":"18\/07\/2023","imagem":"https:\/\/images.futebolinterior.com.br\/2023\/07\/catala-remo-300x182.png","resumo":"O t\u00e9cnico do Remo-PA, Ricardo Catal\u00e1, assumiu a responsabilidade pela derrota no cl\u00e1ssico contra o Paysandu por 1 a 0"},"1873567":{"titulo":"S\u00e9rie C: L\u00edder, Guanaes enaltece for\u00e7a do Oper\u00e1rio-PR: \"Versatilidade\"","link":"https:\/\/www.futebolinterior.com.br\/serie-c-lider-guanaes-forca-operario\/","chapeu":"NA PONTA!","data":"18\/07\/2023","imagem":"https:\/\/images.futebolinterior.com.br\/2023\/07\/operario-rafael-guanaes-300x175.png","resumo":" O treinador do Oper\u00e1rio-PR, Rafael Guanaes valorizou o grupo e o trabalho que vem sendo realizado na temporada pelo time"},"1873568":{"titulo":"S\u00e9rie C: Figueirense chega h\u00e1 14 meses sem vencer fora de SC e Paulo Baier faz cobran\u00e7a","link":"https:\/\/www.futebolinterior.com.br\/serie-c-figueirense-chega-ha-14-meses-sem-vencer-fora-de-sc-e-paulo-baier-faz-cobranca\/","chapeu":"EM CIMA","data":"18\/07\/2023","imagem":"https:\/\/images.futebolinterior.com.br\/2023\/07\/Figueirense-Serie-C-3-300x226.jpg","resumo":"Desde ent\u00e3o, foram 13 jogos fora de Santa Catarina e nenhuma vit\u00f3ria"},"1873501":{"titulo":"S\u00e9rie C: N\u00e1utico encaminha acerto com quatro jogadores da S\u00e9rie B","link":"https:\/\/www.futebolinterior.com.br\/nautico-encaminha-jogadores-serie-b\/","chapeu":"PR\u00d3XIMOS","data":"18\/07\/2023","imagem":"https:\/\/images.futebolinterior.com.br\/2023\/07\/lima-guarani-nautico-300x200.jpg","resumo":"N\u00e1utico corre contra o tempo para definir \u00faltimos refor\u00e7os da Terceirona, suprindo car\u00eancias e buscando qualificar atual elenco "},"1873412":{"titulo":"S\u00e9rie C: Pol\u00edcia Militar vai abrir sindic\u00e2ncia para apurar agress\u00e3o contra torcedores do Botafogo-PB","link":"https:\/\/www.futebolinterior.com.br\/policia-militar-agressao-botafogo-pb\/","chapeu":"REP\u00daDIO","data":"17\/07\/2023","imagem":"https:\/\/images.futebolinterior.com.br\/2023\/07\/imagem_2023-07-17_232415625-300x168.png","resumo":"A Pol\u00edcia Militar disse nesta segunda-feira (17) que vai investigar o caso de agress\u00e3o contra torcedores"}}