{"1875274":{"titulo":"S\u00e9rie C: Meia do Botafogo-PB volta a ser titular e ressalta cautela para pr\u00f3xima rodada","link":"https:\/\/www.futebolinterior.com.br\/serie-c-meia-botafogo-volta-titular\/","chapeu":"VOLTOU?","data":"20\/07\/2023","imagem":"https:\/\/images.futebolinterior.com.br\/2023\/07\/imagem_2023-07-20_211004025-300x194.png","resumo":"Meia Renatinho voltou a atuar como titular pelo Botafogo-PB depois de quatro meses, e pela primeira vez na S\u00e9rie C"},"1875186":{"titulo":"S\u00e9rie C: Volta Redonda-RJ ter\u00e1 refor\u00e7o de lateral que estava na Ferrovi\u00e1ria","link":"https:\/\/www.futebolinterior.com.br\/volta-redonda-reforco-lateral-esq\/","chapeu":"CHEGOU","data":"20\/07\/2023","imagem":"https:\/\/images.futebolinterior.com.br\/2023\/07\/imagem_2023-07-20_183049668-300x183.png","resumo":"O Volta Redonda tem refor\u00e7o para a lateral-esquerda, se trata de S\u00e1nchez, de 27 anos"},"1875172":{"titulo":"S\u00e9rie C: N\u00e1utico abra\u00e7a apelido 'time da Barbie' em campanha contra a homofobia","link":"https:\/\/www.futebolinterior.com.br\/nautico-abraca-apelido-time-da-barbie\/","chapeu":"BARBIE?","data":"20\/07\/2023","imagem":"https:\/\/images.futebolinterior.com.br\/2023\/07\/imagem_2023-07-20_180354171-300x169.png","resumo":"Apelidado pejorativamente de \"Time de Barbie\" por rivais, o N\u00e1utico aproveitou o sucesso do filme da boneca mais famosa do mundo"},"1875146":{"titulo":"S\u00e9rie C: Confian\u00e7a-SE consegue efeito suspensivo em puni\u00e7\u00e3o e ter\u00e1 p\u00fablico diante do l\u00edder","link":"https:\/\/www.futebolinterior.com.br\/confianca-consegue-efeito-suspensivo\/","chapeu":"VIT\u00d3RIA","data":"20\/07\/2023","imagem":"https:\/\/images.futebolinterior.com.br\/2023\/07\/imagem_2023-07-20_175000027-300x193.png","resumo":"O Confian\u00e7a-SE conseguiu um efeito suspensivo junto ao STJD e ter\u00e1 p\u00fablico no Batist\u00e3o"},"1875111":{"titulo":"S\u00e9rie C: Goleiro do Oper\u00e1rio-PR ressalta aten\u00e7\u00e3o: 'sinal de alerta ligado o tempo todo'","link":"https:\/\/www.futebolinterior.com.br\/goleiro-operario-ressalta-atencao-lider\/","chapeu":"INDO BEM","data":"20\/07\/2023","imagem":"https:\/\/images.futebolinterior.com.br\/2023\/07\/imagem_2023-07-20_173503808-300x203.png","resumo":"Goleiro titular do Oper\u00e1rio-PR, Rafael Santos ressaltou aten\u00e7\u00e3o para manter sequ\u00eancia positiva na S\u00e9rie C"},"1875123":{"titulo":"S\u00e9rie C: Atacante Bruno General \u00e9 d\u00favida do Figueirense na busca pela reabilita\u00e7\u00e3o","link":"https:\/\/www.futebolinterior.com.br\/serie-c-atacante-bruno-general-e-duvida-do-figueirense-na-busca-pela-reabilitacao\/","chapeu":"VISH","data":"20\/07\/2023","imagem":"https:\/\/images.futebolinterior.com.br\/2023\/07\/Bruno-General-Figueirense-300x225.jpg","resumo":"Atualmente, o Figueirense \u00e9 o 12\u00ba colocado da S\u00e9rie C com 16 pontos ganhos"},"1875101":{"titulo":"S\u00e9rie C: Paysandu-PA contrata lateral formado no S\u00e3o Paulo e ex-Ponte Preta","link":"https:\/\/www.futebolinterior.com.br\/paysandu-contrata-lateral-formado-spfc\/","chapeu":"CHEGADAS","data":"20\/07\/2023","imagem":"https:\/\/images.futebolinterior.com.br\/2023\/07\/imagem_2023-07-20_164744417-300x204.png","resumo":"Chegam no Paysandu-PA o lateral-direito An\u00edlson e o volante Lucas Paranhos, j\u00e1 registrados no BID"},"1875063":{"titulo":"S\u00e9rie C: Artilheiro do Amazonas-AM cita derrotas e destaca: 'Nada apaga nosso trabalho'","link":"https:\/\/www.futebolinterior.com.br\/artilheiro-amazonas-derrotas-trabalho\/","chapeu":"FALA!","data":"20\/07\/2023","imagem":"https:\/\/images.futebolinterior.com.br\/2023\/07\/imagem_2023-07-20_162005514-300x158.png","resumo":"O Amazonas-AM perdeu a segunda consecutiva na S\u00e9rie C, mas teve a volta de seu artilheiro Sass\u00e1"},"1874935":{"titulo":"S\u00e9rie C: Em destaque no mercado, Rog\u00e9rio Corr\u00eaa garante foco no Volta Redonda-RJ","link":"https:\/\/www.futebolinterior.com.br\/serie-c-rogerio-correa-volta-redonda\/","chapeu":"SONDAGENS!","data":"20\/07\/2023","imagem":"https:\/\/images.futebolinterior.com.br\/2023\/07\/rogerio-correa-volta-redondaa-300x196.png","resumo":"No Volta Redonda-RJ, Rog\u00e9rio Corr\u00eaa \u00e9 um dos t\u00e9cnicos destaque por todo o trabalho desenvolvido na temporada pelo clube"},"1874920":{"titulo":"S\u00e9rie C: Confian\u00e7a-SE pensa em duelo contra l\u00edder","link":"https:\/\/www.futebolinterior.com.br\/serie-c-confianca-se-duelo-contra-lider\/","chapeu":"FOCO!","data":"20\/07\/2023","imagem":"https:\/\/images.futebolinterior.com.br\/2023\/07\/luizinho-vieira-confianca-300x209.png","resumo":"O elenco do Confian\u00e7a-SE segue na prepara\u00e7\u00e3o com foco na pr\u00f3xima partida pela S\u00e9rie C do Campeonato Brasileiro contra o l\u00edder Oper\u00e1rio-PR"}}