{"712883":{"titulo":"S\u00e9rie C: Mogi Mirim acerta com Mois\u00e9s","link":"https:\/\/www.futebolinterior.com.br\/serie-c-mogi-mirim-acerta-com-moises\/","chapeu":"REFOR\u00c7O!","data":"31\/07\/2014","imagem":"https:\/\/images.futebolinterior.com.br\/2021\/05\/0002050017219_img-286x300.jpg","resumo":"Jogador j\u00e1 teve passagens por Bragantino, Olaria-RJ e Portuguesa"},"713033":{"titulo":"S\u00e9rie C: Ap\u00f3s jogo-treino, Paulo Roberto estuda mudan\u00e7as no ataque do S\u00e3o Caetano","link":"https:\/\/www.futebolinterior.com.br\/serie-c-apos-jogo-treino-paulo-roberto-estuda-mudancas-no-ataque-do-sao-caetano\/","chapeu":"VAI MUDAR?","data":"30\/07\/2014","imagem":"https:\/\/images.futebolinterior.com.br\/2021\/05\/0002050017024_img-264x300.jpg","resumo":"Boas atua\u00e7\u00f5es de Jonatas Obina e J\u00f4 Fernandes nos treinamentos animaram o treinador"},"713045":{"titulo":"S\u00e9rie C: Guarani acerta contrata\u00e7\u00e3o de Borges","link":"https:\/\/www.futebolinterior.com.br\/serie-c-guarani-acerta-contratacao-de-borges\/","chapeu":"REFOR\u00c7O!","data":"30\/07\/2014","imagem":"https:\/\/images.futebolinterior.com.br\/2021\/05\/0002050017014_img-300x225.jpg","resumo":"Jogador estava no Uberl\u00e2ndia e chega para brigar por uma vaga"},"713047":{"titulo":"S\u00e9rie C: Sem sal\u00e1rios, Pedro Carmona entra na Justi\u00e7a e deixa S\u00e3o Caetano","link":"https:\/\/www.futebolinterior.com.br\/serie-c-sem-salarios-pedro-carmona-entra-na-justica-e-deixa-sao-caetano\/","chapeu":"ADEUS...","data":"30\/07\/2014","imagem":"https:\/\/images.futebolinterior.com.br\/2021\/05\/0002050017013_img-300x200.jpg","resumo":"Jogador reclama de vencimentos atrasados entre final de 2013 e come\u00e7o de 2014"},"713058":{"titulo":"S\u00e9rie C: Duque de Caxias acerta com meia Ca\u00e7ula, do S\u00e3o Francisco","link":"https:\/\/www.futebolinterior.com.br\/serie-c-duque-de-caxias-acerta-com-meia-cacula-do-sao-francisco\/","chapeu":"REFOR\u00c7O!","data":"30\/07\/2014","imagem":"https:\/\/images.futebolinterior.com.br\/2021\/05\/0002050017000_img-300x205.jpg","resumo":"Jogador chega com a miss\u00e3o de ajudar o Tricolor da Baixada a sair da lanterna do Grupo B"},"713072":{"titulo":"S\u00e9rie C: Elanardo \u00e9 regularizado e pode estrear pelo Cuiab\u00e1","link":"https:\/\/www.futebolinterior.com.br\/serie-c-elanardo-e-regularizado-e-pode-estrear-pelo-cuiaba\/","chapeu":"LIBERADO!","data":"30\/07\/2014","imagem":"https:\/\/images.futebolinterior.com.br\/2021\/05\/0002050016985_img.jpg","resumo":"Dourado enfrenta o CRB no pr\u00f3ximo domingo, na Arena Pantanal"},"713114":{"titulo":"S\u00e9rie C: Fortaleza estuda possibilidade de contratar Fl\u00e1vio Ca\u00e7a-Rato","link":"https:\/\/www.futebolinterior.com.br\/serie-c-fortaleza-estuda-possibilidade-de-contratar-flavio-caca-rato\/","chapeu":"NO PICI?","data":"30\/07\/2014","imagem":"https:\/\/images.futebolinterior.com.br\/2021\/05\/0002050016947_img-300x157.jpg","resumo":"Atacante est\u00e1 na reserva do Santa Cruz e tem tido poucas na equipe"},"713136":{"titulo":"S\u00e9rie C: CRB tem tr\u00eas desfalques certos para enfrentar o Cuiab\u00e1","link":"https:\/\/www.futebolinterior.com.br\/serie-c-crb-tem-tres-desfalques-certos-para-enfrentar-o-cuiaba\/","chapeu":"T\u00c3O FORA!","data":"30\/07\/2014","imagem":"https:\/\/images.futebolinterior.com.br\/2021\/05\/0002050016922_img-300x162.jpg","resumo":"Paulo S\u00e9rgio, suspenso, Gleidson e Alex William, machucados, est\u00e3o fora da partida"},"713149":{"titulo":"S\u00e9rie C: Beto Almeida espera contar com Wanderson contra o Fortaleza","link":"https:\/\/www.futebolinterior.com.br\/serie-c-beto-almeida-espera-contar-com-wanderson-contra-o-fortaleza\/","chapeu":"VAI PRO JOGO?","data":"30\/07\/2014","imagem":"https:\/\/images.futebolinterior.com.br\/2021\/05\/0002050016912_img-300x224.jpg","resumo":"Jogador n\u00e3o enfrentou o Crac no \u00faltimo final de semana por conta de dores na regi\u00e3o pubiana"},"713153":{"titulo":"S\u00e9rie C: Mas j\u00e1? Ap\u00f3s 15 dias, Barcos brasileiro deixa o Paysandu","link":"https:\/\/www.futebolinterior.com.br\/serie-c-mas-ja-apos-15-dias-barcos-brasileiro-deixa-o-paysandu\/","chapeu":"SAIU!","data":"30\/07\/2014","imagem":"https:\/\/images.futebolinterior.com.br\/2021\/05\/0002050016909_img-300x188.jpg","resumo":"Jogador alegou problemas pessoais e rescis\u00e3o ocorreu em comum acordo"}}