{"712601":{"titulo":"S\u00e9rie C: Ap\u00f3s Maranh\u00e3o ficar mais distante, Guarani tenta a contrata\u00e7\u00e3o de Veloso","link":"https:\/\/www.futebolinterior.com.br\/serie-c-apos-maranhao-ficar-mais-distante-guarani-tenta-a-contratacao-de-veloso\/","chapeu":"EST\u00c1 PERTO","data":"01\/08\/2014","imagem":"https:\/\/images.futebolinterior.com.br\/2021\/05\/0002050017482_img.jpg","resumo":" Com a les\u00e3o do polivalente Samuel e a dificuldade em acertar o retorno de Maranh\u00e3o, o Guarani segue em buscas de novos nomes para a lateral-direita da equipe."},"712636":{"titulo":"Fim do abismo? Clubes do Brasileir\u00e3o e da S\u00e9rie B cobram nova divis\u00e3o de cotas \u00e0 TV Globo","link":"https:\/\/www.futebolinterior.com.br\/fim-do-abismo-clubes-do-brasileirao-e-da-serie-b-cobram-nova-divisao-de-cotas-a-tv-globo\/","chapeu":"POL\u00caMICA!","data":"01\/08\/2014","imagem":"https:\/\/images.futebolinterior.com.br\/2021\/05\/0002050017456_img-300x168.jpg","resumo":"Alguns clubes, sobretudo os da S\u00e9rie B do Campeonato Brasileiro, aproveitaram uma reuni\u00e3o sobre a Lei de Responsabilidade Fiscal do Esporte para cobrar diretor da Globo Esportes."},"712802":{"titulo":"Participe do Santander Futebol Paix\u00e3o e mostre que voc\u00ea realmente entende de futebol","link":"https:\/\/www.futebolinterior.com.br\/participe-do-santander-futebol-paixao-e-mostre-que-voce-realmente-entende-de-futebol\/","chapeu":"SABE DE NADA, INOCENTE!","data":"01\/08\/2014","imagem":"https:\/\/images.futebolinterior.com.br\/2021\/05\/0002050017293_img-300x207.jpg","resumo":"Participe do Quiz Santander Futebol Paix\u00e3o e mostre que voc\u00ea realmente entende sobre a maior paix\u00e3o dos brasileiros. "},"712693":{"titulo":"Caxias lan\u00e7a terceiro uniforme","link":"https:\/\/www.futebolinterior.com.br\/caxias-lanca-terceiro-uniforme\/","chapeu":"SHOW!","data":"31\/07\/2014","imagem":"https:\/\/images.futebolinterior.com.br\/2021\/05\/0002050017405_img-300x236.jpg","resumo":"O evento contou com a participa\u00e7\u00e3o do volante Baiano, os goleiros Douglas e Anderson, al\u00e9m da Musa Gren\u00e1 2014 Natali Stella Pezzi"},"712768":{"titulo":"Marcas mais valiosas! Corinthians \u00e9 l\u00edder, Bahia \u00e9 rei do Nordeste e Ponte \u00e9 maior no Interior","link":"https:\/\/www.futebolinterior.com.br\/marcas-mais-valiosas-corinthians-e-lider-bahia-e-rei-do-nordeste-e-ponte-e-maior-no-interior\/","chapeu":"RANKING!","data":"31\/07\/2014","imagem":"https:\/\/images.futebolinterior.com.br\/2021\/05\/0002050017311_img-300x208.jpg","resumo":"Houve um crescimento de 19% de 2013 para 2014. O grande l\u00edder entre as marcas mais valiosas continua a ser o Corinthians, seguido pelo Flamengo e pelo S\u00e3o Paulo. "},"712809":{"titulo":"S\u00e9rie C: Bebeto se machuca e fica fora do Caxias","link":"https:\/\/www.futebolinterior.com.br\/serie-c-bebeto-se-machuca-e-fica-fora-do-caxias\/","chapeu":"T\u00c1 FORA!","data":"31\/07\/2014","imagem":"https:\/\/images.futebolinterior.com.br\/2021\/05\/0002050017287_img-300x226.jpg","resumo":"O t\u00e9cnico Beto Campos sofreu uma baixa para a partida do pr\u00f3ximo domingo, em casa, contra o Maca\u00e9, pela 9\u00aa rodada da S\u00e9rie C. Com uma les\u00e3o muscular, Bebeto est\u00e1 fora do jogo."},"712821":{"titulo":"S\u00e9rie C: Buscando recupera\u00e7\u00e3o, Everton Goiano pode fazer mudan\u00e7as no \u00c1guia","link":"https:\/\/www.futebolinterior.com.br\/serie-c-buscando-recuperacao-everton-goiano-pode-fazer-mudancas-no-aguia\/","chapeu":"VAI MUDAR?","data":"31\/07\/2014","imagem":"https:\/\/images.futebolinterior.com.br\/2021\/05\/0002050017273_img-300x200.jpg","resumo":"Ap\u00f3s a vit\u00f3ria contra o Cuiab\u00e1, o \u00c1guia deve sofrer altera\u00e7\u00f5es para enfrentar o Botafogo-PB no pr\u00f3ximo domingo, pela S\u00e9rie C."},"712838":{"titulo":"Giro do Esporte completa tr\u00eas anos na TV Educativa Brasil Pantanal de Mato Grosso do Sul","link":"https:\/\/www.futebolinterior.com.br\/giro-do-esporte-completa-tres-anos-na-tv-educativa-brasil-pantanal-de-mato-grosso-do-sul\/","chapeu":"PARAB\u00c9NS PELO SUCESSO!","data":"31\/07\/2014","imagem":"https:\/\/images.futebolinterior.com.br\/2021\/05\/0002050017258_img-300x225.jpg","resumo":"O programa Giro do Esporte, veiculado pela TV Educativa Brasil Pantanal de Mato Grosso do Sul, completa nesta sexta"},"712851":{"titulo":"Futebol Interior e Rede S\u00e9culo 21 fecham parceria de sucesso","link":"https:\/\/www.futebolinterior.com.br\/futebol-interior-e-rede-seculo-21-fecham-parceria-de-sucesso\/","chapeu":"NOVA PARCERIA!","data":"31\/07\/2014","imagem":"https:\/\/images.futebolinterior.com.br\/2021\/05\/0002050017251_img-300x191.jpg","resumo":"A Rede S\u00e9culo 21 \u00e9 a mais nova parceria do Portal Futebol Interior. Os telespectadores da emissora v\u00e3o poder conferir aqui no site a programa\u00e7\u00e3o da emissora e principalmente as atr"},"712866":{"titulo":"S\u00e9rie C: Negocia\u00e7\u00e3o com Maranh\u00e3o esfria e Guarani vai atr\u00e1s de outro lateral","link":"https:\/\/www.futebolinterior.com.br\/serie-c-negociacao-com-maranhao-esfria-e-guarani-vai-atras-de-outro-lateral\/","chapeu":"N\u00c3O VEM MAIS?","data":"31\/07\/2014","imagem":"https:\/\/images.futebolinterior.com.br\/2021\/05\/0002050017236_img-300x200.jpg","resumo":"Bugre j\u00e1 perdeu Samuel, lesionado, e Oliveira n\u00e3o tem agradado"}}