{"713159":{"titulo":"S\u00e9rie C: Torcida do Guaratinguet\u00e1 protesta sobre gramado do est\u00e1dio","link":"https:\/\/www.futebolinterior.com.br\/serie-c-torcida-do-guaratingueta-protesta-sobre-gramado-do-estadio\/","chapeu":"VAI MELHORAR?","data":"30\/07\/2014","imagem":"https:\/\/images.futebolinterior.com.br\/2021\/05\/0002050016905_img-300x183.jpg","resumo":"Organizada do clube pede melhorias no est\u00e1dio Dario Rodrigues Leite"},"713163":{"titulo":"S\u00e9rie C: T\u00e9cnico do Caxias avalia empate contra o Guarani como positivo","link":"https:\/\/www.futebolinterior.com.br\/serie-c-tecnico-do-caxias-avalia-empate-contra-o-guarani-como-positivo\/","chapeu":"GOSTOU!","data":"30\/07\/2014","imagem":"https:\/\/images.futebolinterior.com.br\/2021\/05\/0002050016900_img-300x226.jpg","resumo":"Beto Campos gostou o desempenho da equipe e do resultado que mant\u00e9m o time na lideran\u00e7a"},"713177":{"titulo":"S\u00e9rie C: Treze treina mirando vaga no G4","link":"https:\/\/www.futebolinterior.com.br\/serie-c-treze-treina-mirando-vaga-no-g4\/","chapeu":"QUER GANHAR!","data":"30\/07\/2014","imagem":"https:\/\/images.futebolinterior.com.br\/2021\/05\/0002050016879_img-300x199.jpg","resumo":"Galo est\u00e1 em 5\u00ba e enfrenta o Salgueiro na pr\u00f3xima segunda-feira"},"713179":{"titulo":"S\u00e9rie C: Botafogo-PB se reapresenta e inicia prepara\u00e7\u00e3o visando o \u00c1guia","link":"https:\/\/www.futebolinterior.com.br\/serie-c-botafogo-pb-se-reapresenta-e-inicia-preparacao-visando-o-aguia\/","chapeu":"TREINANDO!","data":"30\/07\/2014","imagem":"https:\/\/images.futebolinterior.com.br\/2021\/05\/0002050016870_img-300x226.jpg","resumo":"Belo conquistou empate importante diante do Fortaleza na \u00faltima rodada"},"713211":{"titulo":"S\u00e9rie C: Samuel sofre les\u00e3o grave e pode n\u00e3o defender mais o Guarani","link":"https:\/\/www.futebolinterior.com.br\/serie-c-samuel-sofre-lesao-grave-e-pode-nao-defender-mais-o-guarani\/","chapeu":"M\u00c1 NOT\u00cdCIA!","data":"30\/07\/2014","imagem":"https:\/\/images.futebolinterior.com.br\/2021\/05\/0002050016842_img-300x138.jpg","resumo":"A previs\u00e3o \u00e9 de que o meio-campista volte aos gramados dentro de um prazo de seis a oito meses"},"713239":{"titulo":"Agora \u00e9 oficial! T\u00e9cnico deixa a Ferrovi\u00e1ria e acerta com o Juventude","link":"https:\/\/www.futebolinterior.com.br\/agora-e-oficial-tecnico-deixa-a-ferroviaria-e-acerta-com-o-juventude\/","chapeu":"FECHOU!","data":"30\/07\/2014","imagem":"https:\/\/images.futebolinterior.com.br\/2021\/05\/0002050016820_img-300x225.jpg","resumo":"O treinador chega com o objetivo de levar o Verd\u00e3o de volta \u00e0 S\u00e9rie B do Brasileiro"},"713294":{"titulo":"S\u00e9rie C: FPF pro\u00edbe torcida organizada do S\u00e3o Caetano de entrar no est\u00e1dio","link":"https:\/\/www.futebolinterior.com.br\/serie-c-fpf-proibe-torcida-organizada-do-sao-caetano-de-entrar-no-estadio\/","chapeu":"XIII...","data":"29\/07\/2014","imagem":"https:\/\/images.futebolinterior.com.br\/2021\/05\/0002050016763_img-300x225.jpg","resumo":"\u200bMarco Polo Del Nero, Presidente da Federa\u00e7\u00e3o Paulista de Futebol, no uso das atribui\u00e7\u00f5es que lhe s\u00e3o conferidas pelo Estatuto, considerando o n\u00e3o envio."},"713326":{"titulo":"Copa Verde: Bras\u00edlia trata decis\u00e3o do STJD como absurda e confia em reviravolta","link":"https:\/\/www.futebolinterior.com.br\/copa-verde-brasilia-trata-decisao-do-stjd-como-absurda-e-confia-em-reviravolta\/","chapeu":"S\u00d3 O COME\u00c7O!","data":"29\/07\/2014","imagem":"https:\/\/images.futebolinterior.com.br\/2021\/05\/0002050016728_img-300x169.jpg","resumo":"O supervisor de futebol do Colorado, R\u00e9gis Carvalho, afirmou que o regulamento n\u00e3o foi respeitado pela comiss\u00e3o julgadora"},"713348":{"titulo":"Arena Pantanal j\u00e1 registra o recorde na S\u00e9rie D e busca maior p\u00fablico da S\u00e9rie C","link":"https:\/\/www.futebolinterior.com.br\/arena-pantanal-ja-registra-o-recorde-na-serie-d-e-busca-maior-publico-da-serie-c\/","chapeu":"BOA!","data":"29\/07\/2014","imagem":"https:\/\/images.futebolinterior.com.br\/2021\/05\/0002050016715_img-300x157.jpg","resumo":"A rodada dupla do pr\u00f3ximo domingo na Arena Pantanal j\u00e1 registra o maior p\u00fablico da S\u00e9rie D do Campeonato Brasileiro e busca bater o recorde da S\u00e9rie C."},"713403":{"titulo":"S\u00e9rie C: Luciano Dias analisa derrota do Cuiab\u00e1 e frisa import\u00e2ncia da vit\u00f3ria em casa","link":"https:\/\/www.futebolinterior.com.br\/serie-c-luciano-dias-analisa-derrota-do-cuiaba-e-frisa-importancia-da-vitoria-em-casa\/","chapeu":"FALOU!","data":"29\/07\/2014","imagem":"https:\/\/images.futebolinterior.com.br\/2021\/05\/0002050016666_img-300x224.jpg","resumo":"Dourado recebe o CRB no pr\u00f3ximo domingo pela 9\u00aa rodada"}}