{"1870667":{"titulo":"S\u00e9rie B: ABC ganha Paulo S\u00e9rgio frente ao Juventude","link":"https:\/\/www.futebolinterior.com.br\/abc-ganha-paulo-sergio-juventude\/","chapeu":"DISPON\u00cdVEL","data":"13\/07\/2023","imagem":"https:\/\/images.futebolinterior.com.br\/2023\/07\/paulo-sergio-abc-300x188.jpg","resumo":"ABC tem mais uma pe\u00e7a dispon\u00edvel para o setor ofensivo, que \u00e9 terceiro pior de toda a Segundona, buscando pelo menos deixar a lanterna"},"1870678":{"titulo":"Ava\u00ed promete mais quatro refor\u00e7os para a S\u00e9rie B","link":"https:\/\/www.futebolinterior.com.br\/avai-promete-mais-quatro-reforcos-para-a-serie-b\/","chapeu":"QUEM VEM?","data":"13\/07\/2023","imagem":"https:\/\/images.futebolinterior.com.br\/2023\/07\/marquinhos-avai-300x200.webp","resumo":""},"1870202":{"titulo":"S\u00e9rie B: CRB ganha refor\u00e7o de Jo\u00e3o Paulo contra Ava\u00ed","link":"https:\/\/www.futebolinterior.com.br\/crb-reforco-joao-paulo-contra-avai\/","chapeu":"NOVIDADES","data":"13\/07\/2023","imagem":"https:\/\/images.futebolinterior.com.br\/2023\/07\/joao-paulo-treino-crb-300x182.jpg","resumo":"CRB tem novidades positivas entre os ditos titulares e deve ir a campo frente ao Le\u00e3o da Ilha da Magia com praticamente for\u00e7a m\u00e1xima"},"1870471":{"titulo":"Previs\u00e3o de chuva em Crici\u00fama quebra qualquer progn\u00f3stico","link":"https:\/\/www.futebolinterior.com.br\/previsao-de-chuva-em-criciuma-quebra-qualquer-prognostico\/","chapeu":"BLOG DO ARI","data":"12\/07\/2023","imagem":"https:\/\/images.futebolinterior.com.br\/2023\/07\/crciuma-torcida-300x207.jpg","resumo":"A diretoria do Crici\u00fama decidiu 'salgar' o pre\u00e7o do ingresso exatamente para estimular o seu torcedor \u00e0 ades\u00e3o ao quadro associativo"},"1870416":{"titulo":"S\u00e9rie B: Meia nega acerto com time do Ir\u00e3 e garante foco 100% na Ponte Preta","link":"https:\/\/www.futebolinterior.com.br\/serie-b-meia-nega-acerto-com-time-do-ira-e-garante-foco-100-na-ponte-preta\/","chapeu":"NADA CERTO","data":"12\/07\/2023","imagem":"https:\/\/images.futebolinterior.com.br\/2023\/02\/ponte-e1675642288639-300x135.jpg","resumo":"O meia Matheus Jesus negou que tenha assinado um pr\u00e9 contrato com o Nassaji Mazandaran, do Ir\u00e3"},"1870390":{"titulo":"S\u00e9rie B: Vit\u00f3ria acerta contrata\u00e7\u00e3o e duas rescis\u00f5es","link":"https:\/\/www.futebolinterior.com.br\/vitoria-contratacao-duas-rescisoes\/","chapeu":"NOVIDADES","data":"12\/07\/2023","imagem":"https:\/\/images.futebolinterior.com.br\/2023\/07\/jhonny-lucas-vitoria-300x225.jpg","resumo":"Vit\u00f3ria contratou volante para qualificar setor de marca\u00e7\u00e3o, \u00e0 medida que firmou sa\u00edda de dois jogadores pouco usados em 2023"},"1870411":{"titulo":"S\u00e9rie B: Chapecoense anuncia volante emprestado pelo Sport at\u00e9 o final do ano","link":"https:\/\/www.futebolinterior.com.br\/chapecoense-volante-emprestado-sport\/","chapeu":"CHEGOU","data":"12\/07\/2023","imagem":"https:\/\/images.futebolinterior.com.br\/2023\/07\/imagem_2023-07-12_211241514-300x205.png","resumo":"A Chapecoense anunciou o volante de 27 anos como refor\u00e7o para seguir disputando a S\u00e9rie B"},"1870307":{"titulo":"S\u00e9rie B: Sport viaja desfalcado para enfrentar Atl\u00e9tico-GO","link":"https:\/\/www.futebolinterior.com.br\/sport-viaja-desfalcado-atletico-go\/","chapeu":"PROBLEMAS","data":"12\/07\/2023","imagem":"https:\/\/images.futebolinterior.com.br\/2023\/07\/fabinho-sport-ponte-preta-300x200.jpg","resumo":"Sport tem manuten\u00e7\u00e3o de tr\u00eas desfalques importantes, que j\u00e1 n\u00e3o atuaram no jogo contra o Mirassol, visando confronto com Drag\u00e3o"},"1870343":{"titulo":"S\u00e9rie B: Pilar de Felipe Moreira, meia acerta com time do Ir\u00e3 e pede para deixar a Ponte Preta","link":"https:\/\/www.futebolinterior.com.br\/serie-b-matheus-jesus-acerta-com-time-do-ira-e-pede-para-deixar-a-ponte-preta\/","chapeu":"BAIXA","data":"12\/07\/2023","imagem":"https:\/\/images.futebolinterior.com.br\/2023\/02\/Ponte-Preta-Matheus-Jesus-Karen-Fontes-AAPP-1-e1675651763485-300x121.jpg","resumo":"O acordo com o novo clube \u00e9 para janeiro, mas o meia pediu libera\u00e7\u00e3o imediata para o clube."},"1870331":{"titulo":"S\u00e9rie D: Meia deixa Herc\u00edlio Luz-SC a caminho da S\u00e9rie B","link":"https:\/\/www.futebolinterior.com.br\/meia-hercilio-luz-a-caminho-serie-b\/","chapeu":"DE SA\u00cdDA","data":"12\/07\/2023","imagem":"https:\/\/images.futebolinterior.com.br\/2023\/07\/imagem_2023-07-12_183543236-300x212.png","resumo":"O Herc\u00edlio Luz-SC perdeu o meia Renan Bressan para a S\u00e9rie B. O atleta vestir\u00e1 a camisa do ABC-RN"}}