{"1870319":{"titulo":"S\u00e9rie B: Presidente do Sampaio Corr\u00eaa anuncia ex-meia do Figueirense","link":"https:\/\/www.futebolinterior.com.br\/serie-b-presidente-do-sampaio-correa-anuncia-ex-meia-do-figueirense\/","chapeu":"MAIS UM","data":"12\/07\/2023","imagem":"https:\/\/images.futebolinterior.com.br\/2023\/07\/robinho-sampaio-300x195.jpg","resumo":"Ex-Figueirense, Robinho foi anunciado como o mais novo refor\u00e7o do Sampaio Corr\u00eaa para a S\u00e9rie B do Brasileiro"},"1870281":{"titulo":"Crici\u00fama x Guarani - Tigre sonha com lideran\u00e7a e Bugre quer encostar no G4","link":"https:\/\/www.futebolinterior.com.br\/criciuma-x-guarani-tigre-sonha-com-lideranca-e-bugre-quer-encostar-no-g4\/","chapeu":"PROMETE","data":"12\/07\/2023","imagem":"https:\/\/images.futebolinterior.com.br\/2023\/07\/Guarani-Serie-B-300x300.jpg","resumo":"O duelo est\u00e1 marcado para \u00e0s 20h, no Est\u00e1dio Heriberto Hulse, em Crici\u00fama"},"1869759":{"titulo":"S\u00e9rie B: ABC anuncia sa\u00edda de tr\u00eas jogadores","link":"https:\/\/www.futebolinterior.com.br\/abc-anuncia-saida-tres-jogadores\/","chapeu":"ADEUS","data":"12\/07\/2023","imagem":"https:\/\/images.futebolinterior.com.br\/2023\/07\/lucas-tocantins-abc-300x200.jpg","resumo":"ABC encerrou contrato com dois destes e emprestou jovem criado na base do clube \u00e0 Portuguesa Santista para disputa da Copa Paulista"},"1870211":{"titulo":"S\u00e9rie B: Londrina flerta com volante Rodrigo, do Vasco","link":"https:\/\/www.futebolinterior.com.br\/serie-b-londrina-flerta-com-volante-rodrigo-do-vasco\/","chapeu":"T\u00c1 CHEGANDO","data":"12\/07\/2023","imagem":"https:\/\/images.futebolinterior.com.br\/2023\/07\/Rodrigo-Vasco-Londrina-300x200.jpg","resumo":"As conversas entre os clubes j\u00e1 est\u00e3o bem adiantadas, faltando apenas o aval do jogador para o neg\u00f3cio ser fechado"},"1870147":{"titulo":"S\u00e9rie B: Sampaio Corr\u00eaa vence jogo-treino e d\u00e1 ritmo aos jogadores","link":"https:\/\/www.futebolinterior.com.br\/serie-b-sampaio-correa-vence-jogo-treino-e-da-ritmo-aos-jogadores\/","chapeu":"BOA","data":"12\/07\/2023","imagem":"https:\/\/images.futebolinterior.com.br\/2023\/07\/JOGO-TREINO-SAMPAIO-300x200.jpg","resumo":"M\u00e1rcio Fernandes aproveitou a atividade para dar ritmo de jogo aos atletas que n\u00e3o est\u00e3o sendo muito aproveitados"},"1870134":{"titulo":"S\u00e9rie B: Ponte Preta \u00e9 absolvida de den\u00fancia de suposto arremesso de isqueiro no D\u00e9rbi","link":"https:\/\/www.futebolinterior.com.br\/serie-b-ponte-preta-e-absolvida-de-denuncia-de-suposto-arremesso-de-isqueiro-no-derbi\/","chapeu":"A\u00cd SIM","data":"12\/07\/2023","imagem":"https:\/\/images.futebolinterior.com.br\/2023\/07\/Ponte-Preta-Serie-B-1-300x196.jpg","resumo":"Atualmente, o time campineiro aparece na 13.\u00aa coloca\u00e7\u00e3o com 21 pontos e abriu nove pontos da zona de rebaixamento"},"1870099":{"titulo":"S\u00e9rie B: Barroca define substitutos de desfalques e esbo\u00e7a time titular do Ava\u00ed","link":"https:\/\/www.futebolinterior.com.br\/serie-b-barroca-define-substitutos-de-desfalques-e-esboca-time-titular-do-avai\/","chapeu":"FOCO TOTAL","data":"12\/07\/2023","imagem":"https:\/\/images.futebolinterior.com.br\/2023\/07\/Barroca-Avai-Serie-B-300x200.jpg","resumo":"Atualmente, o Ava\u00ed est\u00e1 na 19\u00aa e pen\u00faltima coloca\u00e7\u00e3o na tabela da S\u00e9rie B com apenas 11 pontos somados em 16 jogos"},"1870092":{"titulo":"S\u00e9rie B: Guarani acerta com lateral-esquerdo Ca\u00edque, ex-S\u00e3o Paulo","link":"https:\/\/www.futebolinterior.com.br\/serie-b-guarani-acerta-com-lateral-esquerdo-caique-ex-sao-paulo\/","chapeu":"FECHADO!","data":"12\/07\/2023","imagem":"https:\/\/images.futebolinterior.com.br\/2023\/07\/GUARANI-CAIQUE-300x193.jpeg","resumo":""},"1870058":{"titulo":"S\u00e9rie B: Chape tenta quebrar jejum fora de casa e Dal Pozzo revela pacto por for\u00e7a mental","link":"https:\/\/www.futebolinterior.com.br\/serie-b-chape-tenta-quebrar-jejum-fora-de-casa-e-dal-pozzo-revela-pacto-por-forca-mental\/","chapeu":"FOCO!","data":"12\/07\/2023","imagem":"https:\/\/images.futebolinterior.com.br\/2023\/07\/chap-300x225.jpeg","resumo":""},"1869990":{"titulo":"Sele\u00e7\u00e3o FI da 16\u00aa rodada da S\u00e9rie B com Bruno Naz\u00e1rio, Bruno Tubar\u00e3o e muito mais","link":"https:\/\/www.futebolinterior.com.br\/selecao-fi-da-16a-rodada-da-serie-b-com-bruno-nazario-bruno-tubarao-e-muito-mais\/","chapeu":"QUE TIME!","data":"12\/07\/2023","imagem":"https:\/\/images.futebolinterior.com.br\/2023\/07\/bruno-2-300x185.jpeg","resumo":""}}