{"1877504":{"titulo":"PLACAR FI: Confira os resultados de SEGUNDA-FEIRA com estreia do Brasil na Copa do Mundo Feminina","link":"https:\/\/www.futebolinterior.com.br\/placar-fi-segunda-24-07-23\/","chapeu":"PLACAR FI","data":"24\/07\/2023","imagem":"https:\/\/images.futebolinterior.com.br\/2023\/07\/Brasil-Panama-2-300x200.jpg","resumo":"O PLACAR FI do Portal Futebol Interior acompanhou nesta segunda-feira (24) poucos jogos, mas partidas de muita qualidade"},"1877559":{"titulo":"Que o treinador Pintado possa tirar o risco \u00e0 Ponte Preta","link":"https:\/\/www.futebolinterior.com.br\/que-o-treinador-pintado-possa-tirar-o-risco-a-ponte-preta\/","chapeu":"BLOG DO ARI","data":"24\/07\/2023","imagem":"https:\/\/images.futebolinterior.com.br\/2023\/07\/Pintado-Ponte-Preta-Thiago-Almeida-300x201.jpg","resumo":"Pintado \u00e9 rodado e carrega experi\u00eancia de, enquanto atleta, ter sido comandado por treinadores renomados como o saudoso Tel\u00ea Santana."},"1877542":{"titulo":"S\u00c9RIE B: Vit\u00f3ria \u00e9 campe\u00e3o do 1\u00ba turno e Botafogo-SP cola no G4","link":"https:\/\/www.futebolinterior.com.br\/serie-b-vitoria-e-campeao-do-1o-turno-e-botafogo-sp-cola-no-g4\/","chapeu":"Rugiu","data":"24\/07\/2023","imagem":"https:\/\/images.futebolinterior.com.br\/2023\/07\/vitoria-titulo-300x115.jpg","resumo":"O PLACAR FI acompanha todos os jogos da S\u00e9rie B"},"1877511":{"titulo":"Londrina-PR 1 x 2 Botafogo - Com gol no fim, Pantera cola no G-4","link":"https:\/\/www.futebolinterior.com.br\/londrina-pr-1-x-2-botafogo-com-gol-no-fim-pantera-cola-no-g-4\/","chapeu":"NO FIM!","data":"24\/07\/2023","imagem":"https:\/\/images.futebolinterior.com.br\/2023\/07\/Londrina-Botafogo-300x161.jpg","resumo":""},"1877512":{"titulo":"Vit\u00f3ria 1 x 0 Chapecoense - Le\u00e3o marca no fim e conquista t\u00edtulo simb\u00f3lico do 1\u00ba turno","link":"https:\/\/www.futebolinterior.com.br\/vitoria-1-x-0-chapecoense-leao-marca-no-fim-e-conquista-titulo-simbolico-do-1o-turno\/","chapeu":"L\u00cdDER ISOLADO","data":"24\/07\/2023","imagem":"https:\/\/images.futebolinterior.com.br\/2023\/07\/vitoria-ecv-300x172.jpg","resumo":" Ei voc\u00ea a\u00ed come\u00e7a fazer festa que o Vit\u00f3ria vai subir. "},"1877447":{"titulo":"S\u00e9rie B: Depois de Andr\u00e9 Balada, Ponte Preta negocia com meia ex-Corinthians","link":"https:\/\/www.futebolinterior.com.br\/serie-b-depois-de-andre-balada-ponte-preta-negocia-com-meia-ex-corinthians\/","chapeu":"OLHA S\u00d3","data":"24\/07\/2023","imagem":"https:\/\/images.futebolinterior.com.br\/2023\/07\/cazares-2-300x143.jpg","resumo":"O meia de 31 anos est\u00e1 livre no mercado, ap\u00f3s sair do Independiente, da Argentina, em junho."},"1877450":{"titulo":"S\u00e9rie B: Ituano acerta com ex-atacante de Coritiba e com artilheiro senegal\u00eas","link":"https:\/\/www.futebolinterior.com.br\/serie-b-ituano-acerta-com-ex-atacante-de-coritiba-e-com-artilheiro-senegales\/","chapeu":"FECHADO!","data":"24\/07\/2023","imagem":"https:\/\/images.futebolinterior.com.br\/2023\/07\/Captura-de-Tela-2023-07-24-as-19.11.44-300x211.png","resumo":""},"1877345":{"titulo":"S\u00e9rie B: De volta ap\u00f3s 14 anos, Pintado comemora 'grande oportunidade' na Ponte Preta","link":"https:\/\/www.futebolinterior.com.br\/serie-b-de-volta-apos-14-anos-pintado-comemora-grande-oportunidade-na-ponte-preta\/","chapeu":"GOSTOU","data":"24\/07\/2023","imagem":"https:\/\/images.futebolinterior.com.br\/2023\/07\/ponte-preta-1-300x181.jpg","resumo":""},"1877230":{"titulo":"S\u00e9rie B: Atl\u00e9tico-GO acerta com t\u00e9cnico Jair Ventura","link":"https:\/\/www.futebolinterior.com.br\/serie-b-ainda-sem-anunciar-oficialmente-atletico-go-acerta-com-tecnico-jair-ventura\/","chapeu":"CHEGOU!","data":"24\/07\/2023","imagem":"https:\/\/images.futebolinterior.com.br\/2023\/07\/Jair-Ventura-Atletico-GO-300x200.jpg","resumo":"O acordo deve ser confirmado nas pr\u00f3ximas horas"},"1877231":{"titulo":"S\u00e9rie B: Ex-t\u00e9cnico retorna \u00e0 Ponte Preta para ser diretor de futebol","link":"https:\/\/www.futebolinterior.com.br\/serie-b-ex-tecnico-retorna-a-ponte-preta-para-ser-diretor-de-futebol\/","chapeu":"NOVIDADE","data":"24\/07\/2023","imagem":"https:\/\/images.futebolinterior.com.br\/2023\/07\/brigatti-300x176.jpg","resumo":""}}