{"1878072":{"titulo":"S\u00e9rie B: Crici\u00fama anuncia retorno de meia Barreto que estava na B\u00e9lgica","link":"https:\/\/www.futebolinterior.com.br\/serie-b-criciuma-anuncia-retorno-de-meia-barreto-que-estava-na-belgica\/","chapeu":"CHEGOU","data":"25\/07\/2023","imagem":"https:\/\/images.futebolinterior.com.br\/2023\/07\/Barreto-Criciuma-e1690320349553-300x241.jpg","resumo":"Atualmente, o Crici\u00fama aparece na quinta coloca\u00e7\u00e3o na tabela com 34 pontos, ficando atr\u00e1s do Sport, primeiro time dentro do G4, por conta de um ponto de diferen\u00e7a"},"1878049":{"titulo":"S\u00e9rie B: Apresentado oficialmente, Robgol rasga elogios ao Guarani \"Time de S\u00e9rie A\"","link":"https:\/\/www.futebolinterior.com.br\/serie-b-apresentado-oficialmente-robgol-rasga-elogios-ao-guarani-time-de-serie-a\/","chapeu":"OPORTUNIDADE","data":"25\/07\/2023","imagem":"https:\/\/images.futebolinterior.com.br\/2023\/07\/robsol-guarani-300x167.jpg","resumo":"\"O Guarani \u00e9 uma equipe de ponta, time de S\u00e9rie A e estar aqui \u00e9 a grande oportunidade da carreira\""},"1878019":{"titulo":"S\u00e9rie B: Sport anuncia chegada de \u00eddolo da torcida","link":"https:\/\/www.futebolinterior.com.br\/serie-b-sport-anuncia-chegada-de-idolo-da-torcida\/","chapeu":"EMBAIXADOR","data":"25\/07\/2023","imagem":"https:\/\/images.futebolinterior.com.br\/2023\/07\/sport-diego-souza-300x191.jpg","resumo":"Aos 38 anos, o atacante assinou com o Le\u00e3o at\u00e9 o fim da temporada."},"1877965":{"titulo":"S\u00e9rie B: Poveda \u00e9 apresentado e celebra acordo com o Ava\u00ed \"Tem tudo para dar certo\"","link":"https:\/\/www.futebolinterior.com.br\/serie-b-poveda-e-apresentado-e-celebra-acordo-com-o-avai-tem-tudo-para-dar-certo\/","chapeu":"CHEGOU!","data":"25\/07\/2023","imagem":"https:\/\/images.futebolinterior.com.br\/2023\/07\/poveda-1-300x189.jpg","resumo":"Um dos refor\u00e7os do Ava\u00ed para a sequ\u00eancia do Campeonato Brasileiro da S\u00e9rie B, o atacante Gabriel Povedafoi apresentado nesta ter\u00e7a-feira"},"1877915":{"titulo":"S\u00e9rie B: Botafogo-SP anuncia a contrata\u00e7\u00e3o de lateral mexicano","link":"https:\/\/www.futebolinterior.com.br\/serie-b-botafogo-sp-anuncia-a-contratacao-de-lateral-mexicano\/","chapeu":"NOVIDADE","data":"25\/07\/2023","imagem":"https:\/\/images.futebolinterior.com.br\/2023\/07\/juan-pablo-300x138.jpg","resumo":"O contrato \u00e9 de empr\u00e9stimo at\u00e9 o fim do Campeonato Paulista de 2024."},"1877877":{"titulo":"S\u00e9rie B: Vice-presidente do Ava\u00ed renuncia por problema de sa\u00fade: 'Decis\u00e3o amarga'","link":"https:\/\/www.futebolinterior.com.br\/serie-b-vice-presidente-do-avai-renuncia-por-problema-de-saude-decisao-amarga\/","chapeu":"QUE PENA","data":"25\/07\/2023","imagem":"https:\/\/images.futebolinterior.com.br\/2023\/07\/AVAI-1-300x186.jpg","resumo":""},"1877866":{"titulo":"S\u00e9rie B: Novorizontino inicia troca do \u2018Ingresso Solid\u00e1rio\u2019 para duelo contra o Vila Nova","link":"https:\/\/www.futebolinterior.com.br\/serie-b-novorizontino-ingresso-solidario\/","chapeu":"A\u00c7\u00c3O SOCIAL!","data":"25\/07\/2023","imagem":"https:\/\/images.futebolinterior.com.br\/2023\/07\/INGRESSO_-300x169.jpg","resumo":"Vice-l\u00edder da S\u00e9rie B, o Novorizontino tem duelo decisivo no pr\u00f3ximo domingo (30), contra o Vila Nova"},"1877846":{"titulo":"S\u00e9rie B: Agora coordenador, Brigatti ainda acredita em acesso na Ponte Preta: 'Vamos buscar'","link":"https:\/\/www.futebolinterior.com.br\/serie-b-agora-coordenador-brigatti-ainda-acredita-em-acesso-na-ponte-preta-vamos-buscar\/","chapeu":"MIRANDO ALTO","data":"25\/07\/2023","imagem":"https:\/\/images.futebolinterior.com.br\/2023\/07\/brigatti-ponte-300x165.jpg","resumo":""},"1877844":{"titulo":"S\u00e9rie B: Pintado projeta resgatar jogadores na Ponte Preta: 'Podem render muito mais'","link":"https:\/\/www.futebolinterior.com.br\/serie-b-pintado-projeta-resgatar-jogadores-na-ponte-preta-podem-render-muito-mais\/","chapeu":"CONFIANTE","data":"25\/07\/2023","imagem":"https:\/\/images.futebolinterior.com.br\/2023\/07\/PONTE-300x191.jpg","resumo":""},"1877790":{"titulo":"S\u00e9rie B: L\u00e9o Cond\u00e9 conduz Vit\u00f3ria ao t\u00edtulo do primeiro turno","link":"https:\/\/www.futebolinterior.com.br\/serie-b-leo-conde-conduz-vitoria-ao-titulo-do-primeiro-turno\/","chapeu":"A\u00cd SIM","data":"25\/07\/2023","imagem":"https:\/\/images.futebolinterior.com.br\/2023\/07\/LEO-CONDE-TREINADOR-VITORIA-05-300x213.jpg","resumo":"Sob comando de L\u00e9o Cond\u00e9, Vit\u00f3ria conquistou o t\u00edtulo simb\u00f3lico do primeiro turno da S\u00e9rie B do Brasileiro"}}