{"1878682":{"titulo":"S\u00e9rie B: Estreante, atacante decide duelo para o Botafogo-SP contra o Londrina","link":"https:\/\/www.futebolinterior.com.br\/serie-b-estreante-atacante-decide-duelo-para-o-botafogo-sp-contra-o-londrina\/","chapeu":"DECISIVO","data":"26\/07\/2023","imagem":"https:\/\/images.futebolinterior.com.br\/2023\/07\/botafogo-reforco-300x167.jpg","resumo":"Cari\u00fas entrou nos minutos finais do duelo e deu passe para o seu xar\u00e1, Edson, marcar o segundo gol, que decretou a vit\u00f3ria de virada por 2 a 1"},"1878667":{"titulo":"S\u00e9rie B: Ituano apresenta trio de atacantes para o 2\u00ba turno","link":"https:\/\/www.futebolinterior.com.br\/serie-b-ituano-apresenta-trio-de-atacantes-para-o-2o-turno\/","chapeu":"BEM VINDOS","data":"26\/07\/2023","imagem":"https:\/\/images.futebolinterior.com.br\/2023\/07\/ituano-reforcos-300x155.jpg","resumo":"O trio j\u00e1 est\u00e3o \u00e0 disposi\u00e7\u00e3o do t\u00e9cnico M\u00e1rcio Freitas para o compromisso da pr\u00f3xima sexta contra o Cear\u00e1."},"1878647":{"titulo":"S\u00e9rie B: Atacante recebe proposta da Europa e deixa a Ponte Preta","link":"https:\/\/www.futebolinterior.com.br\/serie-b-atacante-recebe-proposta-da-europa-e-deixa-a-ponte-preta\/","chapeu":"FAR\u00c1 FALTA?","data":"26\/07\/2023","imagem":"https:\/\/images.futebolinterior.com.br\/2023\/07\/dudu-hatamoto-300x147.jpg","resumo":"O jogador nunca foi unanimidade entre a torcida, ainda mais por ter sido indiciado por estupro a uma mulher, enquanto defendia o Botafogo-SP"},"1878637":{"titulo":"S\u00e9rie B: Titular pela primeira vez, Marco Ant\u00f4nio vibra com chances na Chapecoense","link":"https:\/\/www.futebolinterior.com.br\/serie-b-titular-pela-primeira-vez-marco-antonio-vibra-com-chances-na-chapecoense\/","chapeu":"TITULAR","data":"26\/07\/2023","imagem":"https:\/\/images.futebolinterior.com.br\/2023\/07\/marco-antonio-chape-300x155.jpg","resumo":"A Chapecoense tem um jogo duro pela frente, na sua luta contra o rebaixamento na S\u00e9rie B do Campeonato Brasileiro."},"1878581":{"titulo":"S\u00e9rie B: CRB com novidades contra o Sport","link":"https:\/\/www.futebolinterior.com.br\/serie-b-crb-com-novidades-contra-sport\/","chapeu":"MUDAN\u00c7AS","data":"26\/07\/2023","imagem":"https:\/\/images.futebolinterior.com.br\/2023\/07\/saimon-duvida-crb-300x198.jpg","resumo":"CRB tem d\u00favida de zagueiro para poder formar sistema defensivo, enquanto lateral-esquerdo volta a treinar e est\u00e1 \u00e0 disposi\u00e7\u00e3o de Daniel"},"1878454":{"titulo":"S\u00e9rie B: Presidente do Sampaio Corr\u00eaa realiza mudan\u00e7as e assume a diretoria de futebol","link":"https:\/\/www.futebolinterior.com.br\/serie-b-presidente-do-sampaio-correa-realiza-mudancas-e-assume-a-diretoria-de-futebol\/","chapeu":"NOVIDADE","data":"26\/07\/2023","imagem":"https:\/\/images.futebolinterior.com.br\/2023\/07\/sergio-frota-sampaio3-300x203.jpeg","resumo":"Sergio Frota anunciou a sa\u00edda do diretor de futebol Leonardo de Oliveira e decidiu assumir a fun\u00e7\u00e3o no Sampaio Corr\u00eaa"},"1878415":{"titulo":"S\u00e9rie B: Dirigente exalta manuten\u00e7\u00e3o e avalia elenco do Guarani: 'Mais 1 ou 2 refor\u00e7os'","link":"https:\/\/www.futebolinterior.com.br\/serie-b-dirigente-exalta-manutencao-e-avalia-elenco-do-guarani-mais-1-ou-2-reforcos\/","chapeu":"VEM MAIS?","data":"26\/07\/2023","imagem":"https:\/\/images.futebolinterior.com.br\/2023\/07\/guarani-300x183.jpg","resumo":""},"1878205":{"titulo":"Bugrinos tentam 'secar' concorrentes, mas gols saem no final","link":"https:\/\/www.futebolinterior.com.br\/bugrinos-tentam-secar-concorrentes-mas-gols-saem-no-final\/","chapeu":"BLOG DO ARI","data":"25\/07\/2023","imagem":"https:\/\/images.futebolinterior.com.br\/2023\/07\/leo-conde-treinador-vitoria-013-e1690339268527-300x199.jpg","resumo":"A \u00fanica 'secada' da bugrinaida que deu certo foi o ABC arrancar empate diante do Vila Nova, em Goi\u00e2nia, por 1 a 1. No mais, faltou sorte"},"1878142":{"titulo":"S\u00e9rie B: Cear\u00e1 far\u00e1 estreia do segundo turno na Arena Castel\u00e3o, diante do Ituano","link":"https:\/\/www.futebolinterior.com.br\/ceara-fara-estreia-segundo-turno\/","chapeu":"DE VOLTA","data":"25\/07\/2023","imagem":"https:\/\/images.futebolinterior.com.br\/2023\/07\/treino-vozao-1-300x198.png","resumo":"No in\u00edcio do segundo turno, o advers\u00e1rio do Cear\u00e1 ser\u00e1 o Ituano, sexta-feira (28), \u00e0s 19h, na Arena Castel\u00e3o"},"1878124":{"titulo":"S\u00e9rie B: Dal Pozzo lamenta derrota, mas cita evolu\u00e7\u00e3o na Chapecoense \"Fomos melhores\"","link":"https:\/\/www.futebolinterior.com.br\/serie-b-dal-pozzo-lamenta-derrota-mas-cita-evolucao-na-chapecoense-fomos-melhores\/","chapeu":"PONTOS POSITIVOS","data":"25\/07\/2023","imagem":"https:\/\/images.futebolinterior.com.br\/2023\/07\/chapecoense-300x169.jpg","resumo":"A derrota freou a rea\u00e7\u00e3o de duas vit\u00f3rias seguidas - CRB e Ituano- do time na S\u00e9rie B do Campeonato Brasileiro."}}