{"1879082":{"titulo":"S\u00e9rie B: Ap\u00f3s fim do 1\u00ba turno, veja as chances de acesso e rebaixamentos dos times","link":"https:\/\/www.futebolinterior.com.br\/serie-b-apos-fim-do-1o-turno-veja-as-chances-de-acesso-e-rebaixamentos-dos-times\/","chapeu":"CONFIRA","data":"27\/07\/2023","imagem":"https:\/\/images.futebolinterior.com.br\/2023\/07\/vitoria-titulo-300x115.jpg","resumo":"Os dados s\u00e3o Universidade Federal de Minas Gerais (UFMG)."},"1879066":{"titulo":"S\u00e9rie B: Londrina reintegra lateral ap\u00f3s dispensar 6 jogadores","link":"https:\/\/www.futebolinterior.com.br\/serie-b-londrina-reintegra-lateral-apos-dispensar-6-jogadores\/","chapeu":"DE VOLTA","data":"27\/07\/2023","imagem":"https:\/\/images.futebolinterior.com.br\/2023\/07\/londrina-salomao-300x180.jpg","resumo":"O lateral volta ao time ap\u00f3s a sa\u00edda de Nicolas, um dos atletas que participaram da barca do clube na \u00faltima ter\u00e7a-feira. "},"1879023":{"titulo":"S\u00e9rie B: Ribamar negocia rescis\u00e3o de contrato com a Chapecoense para acertar com o N\u00e1utico","link":"https:\/\/www.futebolinterior.com.br\/serie-b-ribamar-negocia-rescisao-de-contrato-com-a-chapecoense-para-acertar-com-o-nautico\/","chapeu":"MALAS PRONTAS","data":"27\/07\/2023","imagem":"https:\/\/images.futebolinterior.com.br\/2023\/07\/Ribamar-Serie-B-chape-300x241.jpg","resumo":"Ele \u00e9 aguardado at\u00e9 o final de semana no Recife"},"1878920":{"titulo":"S\u00e9rie B: L\u00edder lan\u00e7a uniforme em campanha para incentivar a doa\u00e7\u00e3o de \u00f3rg\u00e3os","link":"https:\/\/www.futebolinterior.com.br\/serie-b-lider-uniforme-doacao-orgaos\/","chapeu":"CAMPANHA!","data":"27\/07\/2023","imagem":"https:\/\/images.futebolinterior.com.br\/2023\/07\/vitoria-uniforme-4-300x220.jpg","resumo":"O Vit\u00f3ria apresentou o novo terceiro uniforme do clube. A camisa traz diversas refer\u00eancias para ressaltar a import\u00e2ncia da doa\u00e7\u00e3o de \u00f3rg\u00e3os"},"1878905":{"titulo":"S\u00e9rie B: Claudio Tencati esbo\u00e7a time titular do Crici\u00fama na busca pela reabilita\u00e7\u00e3o","link":"https:\/\/www.futebolinterior.com.br\/serie-b-claudio-tencati-esboca-time-titular-do-criciuma-na-busca-pela-reabilitacao\/","chapeu":"VAI QUE VAI","data":"27\/07\/2023","imagem":"https:\/\/images.futebolinterior.com.br\/2023\/07\/Criciuma-Serie-B-Treino-300x200.jpg","resumo":"Com isso, os escolhidos, at\u00e9 o momento, e que est\u00e3o treinando entre os titulares s\u00e3o: Rayan, Helder e Tiago Marques"},"1878376":{"titulo":"S\u00e9rie B: Daniel Paulista celebra marca no CRB: \"Muito trabalho\"","link":"https:\/\/www.futebolinterior.com.br\/daniel-paulista-celebra-marca-crb\/","chapeu":"APROVOU","data":"27\/07\/2023","imagem":"https:\/\/images.futebolinterior.com.br\/2023\/07\/daniel-paulista-celebra-marca-crb-300x200.jpg","resumo":"Daniel Paulista \u00e9 um dos respons\u00e1veis pela recupera\u00e7\u00e3o do Galo da Paju\u00e7ara durante a Segundona, mas exalta for\u00e7a do empenho coletivo"},"1878799":{"titulo":"S\u00e9rie B: CRB acerta empr\u00e9stimo de L\u00e9o Pereira, do Atl\u00e9tico-GO","link":"https:\/\/www.futebolinterior.com.br\/serie-b-crb-acerta-emprestimo-de-leo-pereira-do-atletico-go\/","chapeu":"REFOR\u00c7O","data":"26\/07\/2023","imagem":"https:\/\/images.futebolinterior.com.br\/2023\/07\/leo-pereira-atletico-2023-300x200.jpeg","resumo":"Atacante tem hist\u00f3rico de indisciplina e acabou sendo liberado para refor\u00e7ar o time alagoano na sequ\u00eancia do ano."},"1878781":{"titulo":"S\u00e9rie B: Zagueiro do Cear\u00e1 est\u00e1 na mira do futebol de Portugal","link":"https:\/\/www.futebolinterior.com.br\/serie-b-zagueiro-do-ceara-esta-na-mira-do-futebol-de-portugal\/","chapeu":"EITA","data":"26\/07\/2023","imagem":"https:\/\/images.futebolinterior.com.br\/2023\/07\/david-ricardo-ceara-300x205.jpg","resumo":"De acordo com o jornal, se a transfer\u00eancia se concretizar, o Cear\u00e1 receberia uma compensa\u00e7\u00e3o entre $500 mil e R$1 milh\u00e3o"},"1878725":{"titulo":"S\u00e9rie B: Ava\u00ed oficializa chegada de meia Giovanni, ex-Ponte Preta","link":"https:\/\/www.futebolinterior.com.br\/serie-b-avai-oficializa-chegada-de-meia-giovanni-ex-ponte-preta\/","chapeu":"OFICIAL","data":"26\/07\/2023","imagem":"https:\/\/images.futebolinterior.com.br\/2023\/07\/Giovanni-Avai-2023-e1690411021912-300x208.jpeg","resumo":"Jogador chega com contrato at\u00e9 o final da S\u00e9rie B."},"1878713":{"titulo":"S\u00e9rie B: \"Novo Neymar\" deve trocar Guarani pelo Crici\u00fama","link":"https:\/\/www.futebolinterior.com.br\/serie-b-novo-neymar-deve-trocar-guarani-pelo-criciuma\/","chapeu":"DE SA\u00cdDA","data":"26\/07\/2023","imagem":"https:\/\/images.futebolinterior.com.br\/2023\/01\/Neilton-Guarani-Paulistao-300x200.png","resumo":"O atacante est\u00e1 fora dos planos do t\u00e9cnico Umberto Louzer"}}